{"id":5174,"date":"2021-03-27T23:28:16","date_gmt":"2021-03-27T22:28:16","guid":{"rendered":"https:\/\/amicsdelcarme.com\/?p=5174"},"modified":"2021-03-27T23:39:29","modified_gmt":"2021-03-27T22:39:29","slug":"protesta-contra-la-expulsion-de-16-familias-para-hacer-32-apartamentos-turisticos-en-el-botanico","status":"publish","type":"post","link":"https:\/\/amicsdelcarme.com\/es\/protesta-contra-la-expulsion-de-16-familias-para-hacer-32-apartamentos-turisticos-en-el-botanico\/","title":{"rendered":"Protesta contra la expulsi\u00f3n de 16 familias para hacer 32 apartamentos tur\u00edsticos en el Bot\u00e1nico"},"content":{"rendered":"\n<p><strong>Un centenar de persnas se concentran en un acto en la calle Turia para denunciar el caso y exigir respuestas a las administraciones<\/strong><\/p>\n<p>Hace algunas semanas se hac\u00eda p\u00fablica la dram\u00e1tica situaci\u00f3n de 16 familias que est\u00e1n siendo expulsadas de sus casas en el barrio del Bot\u00e1nico para hacer 32 apartamentos tur\u00edsticos. Los dos edificios ubicados en los n\u00fameros 49 y 51 de la calle Turia est\u00e1n a punto de ser vendidos y los actuales propietarios est\u00e1n desahuciando a las 16 familias que viven all\u00ed y a los comercios y equipamientos que se ubican en los bajos.<\/p>\n<p>Esta ma\u00f1ana, m\u00e1s de un centenar de personas se han concentrado en la calle Turia para denunciar esta situaci\u00f3n y exigir una respuesta a las administraciones p\u00fablicas que permita a estas personas continuar en sus casas. Han descolgado una gran pancarta donde se puede leer \u201cEl vecindario de Turia se queda\u201d, con la cual anuncian que este acto es el inicio de una lucha colectiva que no acabar\u00e1 hasta que no consigan la renovaci\u00f3n de sus contratos.<\/p>\n<p>Mediante esta protesta, el vecindario ha anunciado que no se ir\u00e1 de la finca y que empieza una lucha colectiva para frenar su expulsi\u00f3n, pero tambi\u00e9n para denunciar la presi\u00f3n inmobiliaria y tur\u00edstica que reciben las zonas de Ciutat Vella y Bot\u00e1nico, y evitar que vuelven a repetirse casos como este. Lo hacen con el apoyo de la PAH, Ve\u00efnat en Perill d\u2019Extinci\u00f3 y EntreBarris, plataformas ciudadanas que llevan a\u00f1os luchando por el derecho a la vivienda y contra la especulaci\u00f3n, la gentrificaci\u00f3n y turistificaci\u00f3n en Valencia.<\/p>\n<p><iframe loading=\"lazy\" src=\"\/\/www.youtube.com\/embed\/OlOQGV75SJM\" width=\"650\" height=\"364\" allowfullscreen=\"allowfullscreen\"><\/iframe><\/p>\n<p><strong>Han pedido a los actuales propietarios la renovaci\u00f3n de todos los contratos de alquiler por cinco a\u00f1os a un precio justo y asequible. Adem\u00e1s, han exigido a las administraciones p\u00fablicas que tomen partido y paren la expulsi\u00f3n del vecindario y de los comercios y la conversi\u00f3n de los edificios en negocios tur\u00edsticos. Se\u00f1alan que existen medidas que las instituciones pueden llevar a cabo, como la compra del edificio acogi\u00e9ndose al derecho de tanteo y retracto.<\/strong><\/p>\n<p><img loading=\"lazy\" decoding=\"async\" class=\"alignleft wp-image-5164 size-medium\" src=\"https:\/\/amicsdelcarme.com\/wp-content\/uploads\/2021\/03\/IMG_20210327_122128-150x300.jpg\" alt=\"\" width=\"150\" height=\"300\" srcset=\"https:\/\/amicsdelcarme.com\/wp-content\/uploads\/2021\/03\/IMG_20210327_122128-150x300.jpg 150w, https:\/\/amicsdelcarme.com\/wp-content\/uploads\/2021\/03\/IMG_20210327_122128-768x1536.jpg 768w, https:\/\/amicsdelcarme.com\/wp-content\/uploads\/2021\/03\/IMG_20210327_122128-1024x2048.jpg 1024w, https:\/\/amicsdelcarme.com\/wp-content\/uploads\/2021\/03\/IMG_20210327_122128-scaled.jpg 1280w\" sizes=\"auto, (max-width: 150px) 100vw, 150px\" \/>Con esta protesta han reivindicado tambi\u00e9n el valor social de un vecindario y de unos comercios y equipamientos que hacen comunidad al barrio del Bot\u00e1nico desde hace cuatro d\u00e9cadas. Se\u00f1alan que, si las administraciones no actuan, se expulsar\u00e1, entre otros, a una pareja de personas mayores que viven de renta antigua y que llevan 40 a\u00f1os en el edificio. Tambi\u00e9n a equipamientos esecnciales que cumplen una funci\u00f3n social fundamental y vertebran la vida comunitaria, como es el caso de una escoleta a la que acuden muchos ni\u00f1os del barrio<\/p>\n","protected":false},"excerpt":{"rendered":"<p>Un centenar de persnas se concentran en un acto en la calle Turia para denunciar el caso y exigir respuestas a las administraciones Hace algunas semanas se hac\u00eda p\u00fablica la dram\u00e1tica situaci\u00f3n de 16 familias que est\u00e1n siendo expulsadas de sus casas en el barrio del Bot\u00e1nico para hacer 32 [&#8230;]<\/p>\n","protected":false},"author":1,"featured_media":5166,"comment_status":"open","ping_status":"open","sticky":false,"template":"","format":"standard","meta":{"_acf_changed":false,"footnotes":""},"categories":[72,1],"tags":[],"class_list":["post-5174","post","type-post","status-publish","format-standard","has-post-thumbnail","hentry","category-actualitat-es","category-urbanismo"],"acf":[],"_links":{"self":[{"href":"https:\/\/amicsdelcarme.com\/es\/wp-json\/wp\/v2\/posts\/5174","targetHints":{"allow":["GET"]}}],"collection":[{"href":"https:\/\/amicsdelcarme.com\/es\/wp-json\/wp\/v2\/posts"}],"about":[{"href":"https:\/\/amicsdelcarme.com\/es\/wp-json\/wp\/v2\/types\/post"}],"author":[{"embeddable":true,"href":"https:\/\/amicsdelcarme.com\/es\/wp-json\/wp\/v2\/users\/1"}],"replies":[{"embeddable":true,"href":"https:\/\/amicsdelcarme.com\/es\/wp-json\/wp\/v2\/comments?post=5174"}],"version-history":[{"count":4,"href":"https:\/\/amicsdelcarme.com\/es\/wp-json\/wp\/v2\/posts\/5174\/revisions"}],"predecessor-version":[{"id":5179,"href":"https:\/\/amicsdelcarme.com\/es\/wp-json\/wp\/v2\/posts\/5174\/revisions\/5179"}],"wp:featuredmedia":[{"embeddable":true,"href":"https:\/\/amicsdelcarme.com\/es\/wp-json\/wp\/v2\/media\/5166"}],"wp:attachment":[{"href":"https:\/\/amicsdelcarme.com\/es\/wp-json\/wp\/v2\/media?parent=5174"}],"wp:term":[{"taxonomy":"category","embeddable":true,"href":"https:\/\/amicsdelcarme.com\/es\/wp-json\/wp\/v2\/categories?post=5174"},{"taxonomy":"post_tag","embeddable":true,"href":"https:\/\/amicsdelcarme.com\/es\/wp-json\/wp\/v2\/tags?post=5174"}],"curies":[{"name":"wp","href":"https:\/\/api.w.org\/{rel}","templated":true}]}}