{"id":5129,"date":"2021-03-23T11:38:41","date_gmt":"2021-03-23T10:38:41","guid":{"rendered":"https:\/\/amicsdelcarme.com\/?p=5129"},"modified":"2021-03-23T11:38:43","modified_gmt":"2021-03-23T10:38:43","slug":"pressuposts-participatius-a-ciutat-vella-cinc-projectes-per-a-sis-barris","status":"publish","type":"post","link":"https:\/\/amicsdelcarme.com\/es\/pressuposts-participatius-a-ciutat-vella-cinc-projectes-per-a-sis-barris\/","title":{"rendered":"Pressuposts participatius a Ciutat Vella: Cinc projectes per a sis barris"},"content":{"rendered":"\n<p>La <strong><a href=\"https:\/\/decidimvlc.valencia.es\/budgets\/5\/results\" target=\"_blank\" rel=\"noopener noreferrer\">publicaci\u00f3 dels resultats dels pressuposts participatius<\/a><\/strong> ens dona informaci\u00f3 sobre les inquietuds de la ciutadania dels nostres barris.<\/p>\n<p>\u00c9s cert que moltes de les propostes inicials no van passar la primera fase de suports del ve\u00efnat.<\/p>\n<p><img loading=\"lazy\" decoding=\"async\" class=\"alignnone size-large wp-image-5130\" src=\"https:\/\/amicsdelcarme.com\/wp-content\/uploads\/2021\/03\/Nueva-imagen-750x400.png\" alt=\"\" width=\"750\" height=\"400\">El projecte m\u00e9s votat en el districte, per\u00f2&nbsp; amb menor suport de Val\u00e8ncia, ha sigut el primer de Ciutat Vella: unir els jardins de la Glorieta i el Alfons el Magn\u00e0nim. Ha obtingut 276 vots, front als 1017 del projecte m\u00e9s votat de Patraix.<\/p>\n<p>Proposta: &nbsp;<\/p>\n<p><strong>QUE LOS JARDINES DE LA GLORIETA Y ALFONSO EL MAGN\u00c1NIMO DEJEN DE SER UNA ROTONDA<\/strong><\/p>\n<p><strong>Observacions: <\/strong>La actuaci\u00f3n viable ser\u00eda la redacci\u00f3n de un anteproyecto de peatonalizaci\u00f3n de la zona. Se propone peatonalizar la Calle Alfonso el Magn\u00e1nimo en su lateral oeste y unir los dos jardines peatonalizando el tramo que los separa. 7000\u20ac<\/p>\n<p><strong>PUNTOS DE ALIMENTACI\u00d3N PARA COLONIAS FELINAS<\/strong><\/p>\n<p><strong>Observacions:<\/strong> No s\u2019especifica res al web. Ni com, ni on, ni quants, etc. 3000\u20ac<\/p>\n<p><strong>PEATONALIZAR EL ENTORNO DE LAS TORRES DE SERRANOS<\/strong><\/p>\n<p><strong>Observacions:<\/strong> La actuaci\u00f3n viable es la redacci\u00f3n de un anteproyecto de peatonalizaci\u00f3n de la zona. 60.000\u20ac<\/p>\n<p><strong>INSTALACI\u00d3N DE SENSORES EN LAS PLAZAS DE ESTACIONAMIENTO PARA CARGA Y DESCARGA<\/strong><\/p>\n<p><strong>Observacions:<\/strong> No se n\u2019han fet. Es diu que hi haur\u00e0 un en cada pla\u00e7a reservada de c\u00e0rrega al districte. No diu quantes. 10.000\u20ac<\/p>\n<p><strong>BULEVAR QUE CONECTE MUSEOS MUVIM E IVAM<\/strong><\/p>\n<p><strong>Observacions:<\/strong> La actuaci\u00f3n viable ser\u00eda la redacci\u00f3n de un proyecto de conexi\u00f3n peatonal de los museos. 75.536 \u20ac<\/p>\n<p>Altres punts remarcables:<\/p>\n<ul>\n<li>La proposta formulada per a Velluters a trav\u00e9s del grup de treball d\u2019urbanisme, que va passar directament a votaci\u00f3, no ha sigut escollida.<\/li>\n<li>D\u2019all\u00f2 proposat, tres s\u00f3n <strong>redacci\u00f3 de projecte<\/strong> i dos executables (sensors i gats).<\/li>\n<li>Caldria dinamitzar m\u00e9s propostes cap al grup d\u2019urbanisme?<\/li>\n<li>Caldria captar m\u00e9s propostes de la ciutadania?<\/li>\n<\/ul>\n","protected":false},"excerpt":{"rendered":"<p>La publicaci\u00f3 dels resultats dels pressuposts participatius ens dona informaci\u00f3 sobre les inquietuds de la ciutadania dels nostres barris. \u00c9s cert que moltes de les propostes inicials no van passar la primera fase de suports del ve\u00efnat. El projecte m\u00e9s votat en el districte, per\u00f2&nbsp; amb menor suport de Val\u00e8ncia, [&#8230;]<\/p>\n","protected":false},"author":1,"featured_media":4610,"comment_status":"open","ping_status":"open","sticky":false,"template":"","format":"standard","meta":{"_acf_changed":false,"footnotes":""},"categories":[39],"tags":[],"class_list":["post-5129","post","type-post","status-publish","format-standard","has-post-thumbnail","hentry","category-actualitat"],"acf":[],"_links":{"self":[{"href":"https:\/\/amicsdelcarme.com\/es\/wp-json\/wp\/v2\/posts\/5129","targetHints":{"allow":["GET"]}}],"collection":[{"href":"https:\/\/amicsdelcarme.com\/es\/wp-json\/wp\/v2\/posts"}],"about":[{"href":"https:\/\/amicsdelcarme.com\/es\/wp-json\/wp\/v2\/types\/post"}],"author":[{"embeddable":true,"href":"https:\/\/amicsdelcarme.com\/es\/wp-json\/wp\/v2\/users\/1"}],"replies":[{"embeddable":true,"href":"https:\/\/amicsdelcarme.com\/es\/wp-json\/wp\/v2\/comments?post=5129"}],"version-history":[{"count":4,"href":"https:\/\/amicsdelcarme.com\/es\/wp-json\/wp\/v2\/posts\/5129\/revisions"}],"predecessor-version":[{"id":5135,"href":"https:\/\/amicsdelcarme.com\/es\/wp-json\/wp\/v2\/posts\/5129\/revisions\/5135"}],"wp:featuredmedia":[{"embeddable":true,"href":"https:\/\/amicsdelcarme.com\/es\/wp-json\/wp\/v2\/media\/4610"}],"wp:attachment":[{"href":"https:\/\/amicsdelcarme.com\/es\/wp-json\/wp\/v2\/media?parent=5129"}],"wp:term":[{"taxonomy":"category","embeddable":true,"href":"https:\/\/amicsdelcarme.com\/es\/wp-json\/wp\/v2\/categories?post=5129"},{"taxonomy":"post_tag","embeddable":true,"href":"https:\/\/amicsdelcarme.com\/es\/wp-json\/wp\/v2\/tags?post=5129"}],"curies":[{"name":"wp","href":"https:\/\/api.w.org\/{rel}","templated":true}]}}