{"id":4934,"date":"2021-02-02T17:48:44","date_gmt":"2021-02-02T16:48:44","guid":{"rendered":"https:\/\/amicsdelcarme.com\/?p=4934"},"modified":"2021-02-02T17:49:52","modified_gmt":"2021-02-02T16:49:52","slug":"a-ciutat-vella-no-le-salen-las-cuentas-le-sobran-solares-y-le-faltan-vecinos","status":"publish","type":"post","link":"https:\/\/amicsdelcarme.com\/es\/a-ciutat-vella-no-le-salen-las-cuentas-le-sobran-solares-y-le-faltan-vecinos\/","title":{"rendered":"A Ciutat Vella no le salen las cuentas, le sobran solares y le faltan vecinos"},"content":{"rendered":"\n<p><br>Pronto har\u00e1 un a\u00f1o de la aprobaci\u00f3n del PEP de Ciutat Vella (Plan Especial de Protecci\u00f3n) y el panorama urban\u00edstico sigue igual de estancado que cuando comenz\u00f3 su tramitaci\u00f3n all\u00e1 por el a\u00f1o 2018.<\/p>\n<p>Muchos rincones de los barrios hist\u00f3ricos siguen siendo un p\u00e1ramo de ruinas y abandono. De ello dan cuenta un centenar largo de solares y casas en estado ruinoso y 16 unidades de actuaci\u00f3n urban\u00edstica en un limbo administrativo, en total 30.100 m<sup>2<\/sup> (el equivalente a 4 campos de futbol) que bien podr\u00edan alojar a cerca de 1.800 nuevos vecinos.<\/p>\n<p>Si a esto a\u00f1adimos que mas de un tercio de las viviendas est\u00e1n vac\u00edas, que la construcci\u00f3n de todos los edificios de vivienda p\u00fablica est\u00e1n parados y que aqu\u00ed el \u00fanico ladrillo que se mueve es para construir apartamentos tur\u00edsticos, es evidente que Ciutat Vella se encuentra en un estado muy parecido al del abandono.<\/p>\n<p>Ciutat Vella necesita vecinos o se convertir\u00e1 irremediablemente en un centro comercial decorado con las ruinas de lo que un d\u00eda fue si es que el Ayuntamiento no hace algo m\u00e1s ambicioso que adecentar plazas.<\/p>\n<p>Son necesarias medidas urgentes para movilizar los vac\u00edos que hacen inhabitables numerosos rincones en los barrios de Velluters, Mercat, El Carme, La Seu o Xerea. La mera aprobaci\u00f3n del PEP, por si sola, no va a activar la actividad urban\u00edstica, hace falta politicas espec\u00edficas&nbsp;<\/p>\n<p>Algunas propuestas podr\u00edan ser:<\/p>\n<ul>\n<li>Activar el Registro Municipal de Solares y Edificios en Ruinas (RMSER) y promover expropiaciones si no se construye.<\/li>\n<li>Crear una oficina p\u00fablica de informaci\u00f3n, asesoramiento y gesti\u00f3n del suelo en Ciutat Vella que contribuya a dinamizar la gesti\u00f3n de los tr\u00e1mites administrativos y la ejecuci\u00f3n de plazos en las obras.<\/li>\n<li>Promover la construcci\u00f3n de vivienda p\u00fablica en el suelo de titularidad municipal y, sobre todo, comenzar en 2021, de una vez, las promociones p\u00fablicas paralizadas.<\/li>\n<li>Establecer incentivos a la construcci\u00f3n de vivienda y penalizar los solares<br><br><\/li>\n<\/ul>\n<p><strong>El ambulatorio del Carme otra asignatura pendiente<\/strong><\/p>\n<p>Uno de los servicios b\u00e1sicos indispensables en un barrio es un buen centro de salud de atenci\u00f3n primaria y el actual no cumple con los est\u00e1ndares de calidad exigibles. Sorprende que este tema tampoco figure en la agenda del Ayuntamiento.<\/p>\n<p>Si algo necesita Ciutat Vella para recuperar vecinas y vecinos es un buen ambulatorio de nueva planta y no tanta edificaci\u00f3n dotacional que sin residentes arraigados lo \u00fanico que hace es contribuir a la terciarizaci\u00f3n.<\/p>\n<p>&nbsp;<\/p>\n","protected":false},"excerpt":{"rendered":"<p>Pronto har\u00e1 un a\u00f1o de la aprobaci\u00f3n del PEP de Ciutat Vella (Plan Especial de Protecci\u00f3n) y el panorama urban\u00edstico sigue igual de estancado que cuando comenz\u00f3 su tramitaci\u00f3n all\u00e1 por el a\u00f1o 2018. Muchos rincones de los barrios hist\u00f3ricos siguen siendo un p\u00e1ramo de ruinas y abandono. De ello [&#8230;]<\/p>\n","protected":false},"author":1,"featured_media":4874,"comment_status":"open","ping_status":"open","sticky":false,"template":"","format":"standard","meta":{"_acf_changed":false,"footnotes":""},"categories":[72,1],"tags":[],"class_list":["post-4934","post","type-post","status-publish","format-standard","has-post-thumbnail","hentry","category-actualitat-es","category-urbanismo"],"acf":[],"_links":{"self":[{"href":"https:\/\/amicsdelcarme.com\/es\/wp-json\/wp\/v2\/posts\/4934","targetHints":{"allow":["GET"]}}],"collection":[{"href":"https:\/\/amicsdelcarme.com\/es\/wp-json\/wp\/v2\/posts"}],"about":[{"href":"https:\/\/amicsdelcarme.com\/es\/wp-json\/wp\/v2\/types\/post"}],"author":[{"embeddable":true,"href":"https:\/\/amicsdelcarme.com\/es\/wp-json\/wp\/v2\/users\/1"}],"replies":[{"embeddable":true,"href":"https:\/\/amicsdelcarme.com\/es\/wp-json\/wp\/v2\/comments?post=4934"}],"version-history":[{"count":2,"href":"https:\/\/amicsdelcarme.com\/es\/wp-json\/wp\/v2\/posts\/4934\/revisions"}],"predecessor-version":[{"id":4938,"href":"https:\/\/amicsdelcarme.com\/es\/wp-json\/wp\/v2\/posts\/4934\/revisions\/4938"}],"wp:featuredmedia":[{"embeddable":true,"href":"https:\/\/amicsdelcarme.com\/es\/wp-json\/wp\/v2\/media\/4874"}],"wp:attachment":[{"href":"https:\/\/amicsdelcarme.com\/es\/wp-json\/wp\/v2\/media?parent=4934"}],"wp:term":[{"taxonomy":"category","embeddable":true,"href":"https:\/\/amicsdelcarme.com\/es\/wp-json\/wp\/v2\/categories?post=4934"},{"taxonomy":"post_tag","embeddable":true,"href":"https:\/\/amicsdelcarme.com\/es\/wp-json\/wp\/v2\/tags?post=4934"}],"curies":[{"name":"wp","href":"https:\/\/api.w.org\/{rel}","templated":true}]}}