{"id":4771,"date":"2020-12-08T20:31:25","date_gmt":"2020-12-08T19:31:25","guid":{"rendered":"https:\/\/amicsdelcarme.com\/?p=4771"},"modified":"2020-12-10T01:11:41","modified_gmt":"2020-12-10T00:11:41","slug":"el-retablo-ceramico-de-la-calle-correjeria-por-los-suelos","status":"publish","type":"post","link":"https:\/\/amicsdelcarme.com\/es\/el-retablo-ceramico-de-la-calle-correjeria-por-los-suelos\/","title":{"rendered":"El retablo cer\u00e1mico de la calle Corretgeria por los suelos"},"content":{"rendered":"\n<p>Tras el triste desprendimiento ocurrido esta semana del retablo cer\u00e1mico del siglo XVIII con la representaci\u00f3n de Jes\u00fas en el templo de Jerusal\u00e9n, situado en una fachada de la calle Corretgeria, nos preguntamos \u00bfc\u00f3mo es posible que se haya llegado a esta situaci\u00f3n?<\/p>\n<p>Este conjunto cer\u00e1mico est\u00e1 recogido en el Cat\u00e1logo Estructural de Bienes y Espacios Protegidos del Plan General de Ordenaci\u00f3n Urbana de la ciudad de Val\u00e8ncia, incluido como BRL, Bien de Relevancia Local, figura contemplada en la Ley de Patrimonio y m\u00e1ximo nivel de protecci\u00f3n despu\u00e9s de los BIC (Bien de Inter\u00e9s Cultural).<\/p>\n<p>A pesar de todas estas consideraciones, que deber\u00edan asegurar por s\u00ed mismas la protecci\u00f3n y el estado de conservaci\u00f3n \u00f3ptimo de los bienes patrimoniales, las grietas y desperfectos que presentaba el retablo cer\u00e1mico fueron puestas en conocimiento de la regidor\u00eda de cultura del Ajuntament de Val\u00e8ncia por parte de estudiosos y los activistas culturales de GH Patrimonio VLC, sin que el consistorio instase a actuar a tiempo.<\/p>\n<p>Se\u00f1oras y se\u00f1ores responsables culturales de la ciudad, si esto ocurre con un BRL, \u00bfqu\u00e9 no ocurrir\u00e1 con otros bienes que no gozan de ese nivel de protecci\u00f3n? \u00bfTenemos que confiar siempre en la buena voluntad de los propietarios, sean p\u00fablicos o privados, para que se valore y se proteja nuestro patrimonio cultural? \u00bfNo hemos aprendido nada de los estragos que han causado en nuestro patrimonio las declaraciones \u201cresponsables\u201d?<\/p>\n<p>No basta con hacer una lista de los elementos con valor cultural de la ciudad. Se ha de hacer un seguimiento del estado de los bienes, inspecciones habituales y por t\u00e9cnicos competentes. Se ha de exigir su buen estado de conservaci\u00f3n y colaborar para que este se consiga.<\/p>\n<p>Ustedes se escudan en la falta de personal y de presupuesto, pero si se dan cuenta no est\u00e1n cumpliendo ni siquiera con los m\u00ednimos. No ten\u00edan que restaurarlo, ni ejecutar obras para consolidarlo, ni ninguna otra acci\u00f3n que supusiera un aumento de gasto o de personal. S\u00f3lo ten\u00edan que hacer cumplir la Ley de Patrimonio y velar por un bien recogido en el Cat\u00e1logo de Bienes Protegidos del Ajuntament de Val\u00e8ncia. Trabajo b\u00e1sico si es que se tiene un plan de actuaci\u00f3n que vaya a lo importante y efectivo.<\/p>\n<p>&nbsp;El retablo ha acabado desprendi\u00e9ndose. Hagan lo posible para que no se convierta en un s\u00edmbolo de su pol\u00edtica relacionada con el patrimonio hist\u00f3rico y cultural de la ciudad. Conviertan a sus cr\u00edticos en sus aliados, impliquen a la polic\u00eda local y a la polic\u00eda de patrimonio, a las asociaciones culturales, a las vecinales, a toda la ciudadan\u00eda. Preoc\u00fapense realmente por el patrimonio y act\u00faen para protegerlo, de verdad.<\/p>\n<p>Con eso nos basta.<\/p>\n<p>&nbsp;<\/p>\n","protected":false},"excerpt":{"rendered":"<p>Tras el triste desprendimiento ocurrido esta semana del retablo cer\u00e1mico del siglo XVIII con la representaci\u00f3n de Jes\u00fas en el templo de Jerusal\u00e9n, situado en una fachada de la calle Corretgeria, nos preguntamos \u00bfc\u00f3mo es posible que se haya llegado a esta situaci\u00f3n? Este conjunto cer\u00e1mico est\u00e1 recogido en el [&#8230;]<\/p>\n","protected":false},"author":1,"featured_media":4776,"comment_status":"open","ping_status":"open","sticky":false,"template":"","format":"standard","meta":{"_acf_changed":false,"footnotes":""},"categories":[39,91],"tags":[],"class_list":["post-4771","post","type-post","status-publish","format-standard","has-post-thumbnail","hentry","category-actualitat","category-cultura-patrimoni"],"acf":[],"_links":{"self":[{"href":"https:\/\/amicsdelcarme.com\/es\/wp-json\/wp\/v2\/posts\/4771","targetHints":{"allow":["GET"]}}],"collection":[{"href":"https:\/\/amicsdelcarme.com\/es\/wp-json\/wp\/v2\/posts"}],"about":[{"href":"https:\/\/amicsdelcarme.com\/es\/wp-json\/wp\/v2\/types\/post"}],"author":[{"embeddable":true,"href":"https:\/\/amicsdelcarme.com\/es\/wp-json\/wp\/v2\/users\/1"}],"replies":[{"embeddable":true,"href":"https:\/\/amicsdelcarme.com\/es\/wp-json\/wp\/v2\/comments?post=4771"}],"version-history":[{"count":5,"href":"https:\/\/amicsdelcarme.com\/es\/wp-json\/wp\/v2\/posts\/4771\/revisions"}],"predecessor-version":[{"id":4799,"href":"https:\/\/amicsdelcarme.com\/es\/wp-json\/wp\/v2\/posts\/4771\/revisions\/4799"}],"wp:featuredmedia":[{"embeddable":true,"href":"https:\/\/amicsdelcarme.com\/es\/wp-json\/wp\/v2\/media\/4776"}],"wp:attachment":[{"href":"https:\/\/amicsdelcarme.com\/es\/wp-json\/wp\/v2\/media?parent=4771"}],"wp:term":[{"taxonomy":"category","embeddable":true,"href":"https:\/\/amicsdelcarme.com\/es\/wp-json\/wp\/v2\/categories?post=4771"},{"taxonomy":"post_tag","embeddable":true,"href":"https:\/\/amicsdelcarme.com\/es\/wp-json\/wp\/v2\/tags?post=4771"}],"curies":[{"name":"wp","href":"https:\/\/api.w.org\/{rel}","templated":true}]}}