{"id":4612,"date":"2020-11-22T00:23:58","date_gmt":"2020-11-21T23:23:58","guid":{"rendered":"https:\/\/amicsdelcarme.com\/?p=4612"},"modified":"2020-11-22T00:25:43","modified_gmt":"2020-11-21T23:25:43","slug":"decidimvlc-2020-21","status":"publish","type":"post","link":"https:\/\/amicsdelcarme.com\/es\/decidimvlc-2020-21\/","title":{"rendered":"DecidimVLC 2020\/21"},"content":{"rendered":"\n<p>Els districtes tornen a ser l\u2019\u00e0rea geogr\u00e0fica de refer\u00e8ncia per als projectes d&#8217;inversi\u00f3 de DecidimVLC 2020\/21, enguayn 8 milions d&#8217;euros . La finalitat \u00e9s que puguen apropar-se al territori m\u00e9s pr\u00f2xim de conviv\u00e8ncia, que s\u00f3n els barris.&nbsp;<\/p>\n<p>Ja hi ha proposats m\u00e9s de 40 projectes que es podr\u00e0n recolzar fins al pr\u00f2xim 30 de novembre, que en el cas de Ciutat Vella compten amb un pressupost de 155.000 \u20ac.<\/p>\n<p>Les propostes que passen la valoraci\u00f3 t\u00e8cnica de viabilitat ser\u00e0n votades de l&#8217;11 a l&#8217;28 de febrer.<\/p>\n<p>El calendari, respecte d\u2019anys anteriors, s&#8217;ha vist endarrerit per la irrupci\u00f3 de la crisi sanit\u00e0ria provocada per la COVID-19, que ha afectat principalment la possibilitat d&#8217;activar espais de deliberaci\u00f3 i debat, i ha fet que, per q\u00fcestions de seguretat sanit\u00e0ria, el proc\u00e9s en esta edici\u00f3 es desenvolupe principalment de manera digital a trav\u00e9s de la plataforma web <strong><a href=\"https:\/\/decidimvlc.valencia.es\/\" target=\"_blank\" rel=\"noopener noreferrer\">decidimvlc.valencia.es<\/a>.<\/strong><\/p>\n<p>.<\/p>\n<p>&nbsp;<\/p>\n","protected":false},"excerpt":{"rendered":"<p>Els districtes tornen a ser l\u2019\u00e0rea geogr\u00e0fica de refer\u00e8ncia per als projectes d&#8217;inversi\u00f3 de DecidimVLC 2020\/21, enguayn 8 milions d&#8217;euros . La finalitat \u00e9s que puguen apropar-se al territori m\u00e9s pr\u00f2xim de conviv\u00e8ncia, que s\u00f3n els barris.&nbsp; Ja hi ha proposats m\u00e9s de 40 projectes que es podr\u00e0n recolzar fins [&#8230;]<\/p>\n","protected":false},"author":1,"featured_media":4610,"comment_status":"open","ping_status":"open","sticky":false,"template":"","format":"standard","meta":{"_acf_changed":false,"footnotes":""},"categories":[42],"tags":[],"class_list":["post-4612","post","type-post","status-publish","format-standard","has-post-thumbnail","hentry","category-el-barri"],"acf":[],"_links":{"self":[{"href":"https:\/\/amicsdelcarme.com\/es\/wp-json\/wp\/v2\/posts\/4612","targetHints":{"allow":["GET"]}}],"collection":[{"href":"https:\/\/amicsdelcarme.com\/es\/wp-json\/wp\/v2\/posts"}],"about":[{"href":"https:\/\/amicsdelcarme.com\/es\/wp-json\/wp\/v2\/types\/post"}],"author":[{"embeddable":true,"href":"https:\/\/amicsdelcarme.com\/es\/wp-json\/wp\/v2\/users\/1"}],"replies":[{"embeddable":true,"href":"https:\/\/amicsdelcarme.com\/es\/wp-json\/wp\/v2\/comments?post=4612"}],"version-history":[{"count":1,"href":"https:\/\/amicsdelcarme.com\/es\/wp-json\/wp\/v2\/posts\/4612\/revisions"}],"predecessor-version":[{"id":4618,"href":"https:\/\/amicsdelcarme.com\/es\/wp-json\/wp\/v2\/posts\/4612\/revisions\/4618"}],"wp:featuredmedia":[{"embeddable":true,"href":"https:\/\/amicsdelcarme.com\/es\/wp-json\/wp\/v2\/media\/4610"}],"wp:attachment":[{"href":"https:\/\/amicsdelcarme.com\/es\/wp-json\/wp\/v2\/media?parent=4612"}],"wp:term":[{"taxonomy":"category","embeddable":true,"href":"https:\/\/amicsdelcarme.com\/es\/wp-json\/wp\/v2\/categories?post=4612"},{"taxonomy":"post_tag","embeddable":true,"href":"https:\/\/amicsdelcarme.com\/es\/wp-json\/wp\/v2\/tags?post=4612"}],"curies":[{"name":"wp","href":"https:\/\/api.w.org\/{rel}","templated":true}]}}