{"id":3390,"date":"2018-04-18T17:49:53","date_gmt":"2018-04-18T17:49:53","guid":{"rendered":"https:\/\/amicsdelcarme.com\/decadencia-i-colp-de-gracia-a-velluters\/"},"modified":"2018-04-18T17:49:53","modified_gmt":"2018-04-18T17:49:53","slug":"decadencia-i-colp-de-gracia-a-velluters","status":"publish","type":"post","link":"https:\/\/amicsdelcarme.com\/es\/decadencia-i-colp-de-gracia-a-velluters\/","title":{"rendered":"Decad\u00e8ncia i colp de gr\u00e0cia a Velluters"},"content":{"rendered":"<p>Als peus de l\u2019esgl\u00e9sia de sant Joan del Mercat, i entre els carrers de santa Teresa i Boatella, es troba una \u00e0rea urbana d\u2019un marcat car\u00e0cter medieval. \u00c9s una macroilla amb una trama urbana consolidada, compacta i hist\u00f2rica, afectada per la coneguda UE4 des de 1992, per\u00f2 ara en mans d\u2019un promotor privat que ha decidit irrompre en l\u2019urbanisme valenci\u00e0 amb una bulldozer i desfigurar l\u2019entorn.<\/p>\n<p>L\u2019ajuntament de Barber\u00e0 ha tingut en les seues mans durant 24 anys la gesti\u00f3 d\u2019aquest proc\u00e9s de degradaci\u00f3 que ratlla la vergonya. Tot i podent-ho fer, no va assumir cap intervenci\u00f3 si no per entossudir-se en l\u2019eixamplament del carrer de la Boatella fins a dimensions descomunals, malgrat els informes de la Direcci\u00f3 General de Patrimoni de la Conselleria de Cultura que eren completament contraris, als quals l\u2019ajuntament de Barber\u00e0 va fer cas om\u00eds.<\/p>\n<p>La des\u00eddia de l\u2019ajuntament el fa responsable de l\u2019actual situaci\u00f3 de degeneraci\u00f3 del seu teixit hum\u00e0 i ambiental d\u2019un barri tan popular, i en un entorn tan sensible patrimonialment com el triangle m\u00e9s monumental de la ciutat, tots declarats BIC: la Llotja, el Mercat Central i l\u2019esgl\u00e9sia de sant Joan del Mercat.<\/p>\n<p>La planificaci\u00f3 dels solars de la UE4 suposa, en poques paraules, una violaci\u00f3 de la Llei 4\/1998 de Patrimoni Cultural Valenci\u00e0 que empara el respecte de la trama urbana hist\u00f2rica i que impulsa la recuperaci\u00f3 residencial de l\u2019\u00e0rea i les activitats econ\u00f2miques tradicionals. Cap d\u2019aquestos punts es respecten en el projecte aprovat.<\/p>\n<p>Ara tenim un ajuntament que ha de redre\u00e7ar el dany fet. Encara que est\u00e0 aprovat administrativament, el projecte desprecia i deshonra la idiosincr\u00e0sia d\u2019un espai urb\u00e0 tan important i rellevant com el barri de Velluters i l\u2019entorn monumental de sant Joan del Mercat.<\/p>\n<p>Des de l\u2019Associaci\u00f3 de Ve\u00efns i Comerciants \u2018Amics del Carme\u2019 demanem als agents implicats que es replantegen el projecte per la millora paisatg\u00edstica de l\u2019entorn, l\u2019augment de poblaci\u00f3 al barri i el respecte a la hist\u00f2ria del patrimoni urb\u00e0 valenci\u00e0.<\/p>\n<p>Perqu\u00e8 Val\u00e8ncia&#8230; nom\u00e9s en tenim una.<\/p>\n","protected":false},"excerpt":{"rendered":"<p>Als peus de l\u2019esgl\u00e9sia de sant Joan del Mercat, i entre els carrers de santa Teresa i Boatella, es troba una \u00e0rea urbana d\u2019un marcat car\u00e0cter medieval. \u00c9s una macroilla amb una trama urbana consolidada, compacta i hist\u00f2rica, afectada per la coneguda UE4 des de 1992, per\u00f2 ara en mans [&#8230;]<\/p>\n","protected":false},"author":1,"featured_media":3391,"comment_status":"closed","ping_status":"open","sticky":false,"template":"","format":"standard","meta":{"_acf_changed":false,"footnotes":""},"categories":[1],"tags":[73],"class_list":["post-3390","post","type-post","status-publish","format-standard","has-post-thumbnail","hentry","category-urbanismo","tag-pep-ciutat-vella-es"],"acf":[],"_links":{"self":[{"href":"https:\/\/amicsdelcarme.com\/es\/wp-json\/wp\/v2\/posts\/3390","targetHints":{"allow":["GET"]}}],"collection":[{"href":"https:\/\/amicsdelcarme.com\/es\/wp-json\/wp\/v2\/posts"}],"about":[{"href":"https:\/\/amicsdelcarme.com\/es\/wp-json\/wp\/v2\/types\/post"}],"author":[{"embeddable":true,"href":"https:\/\/amicsdelcarme.com\/es\/wp-json\/wp\/v2\/users\/1"}],"replies":[{"embeddable":true,"href":"https:\/\/amicsdelcarme.com\/es\/wp-json\/wp\/v2\/comments?post=3390"}],"version-history":[{"count":0,"href":"https:\/\/amicsdelcarme.com\/es\/wp-json\/wp\/v2\/posts\/3390\/revisions"}],"wp:featuredmedia":[{"embeddable":true,"href":"https:\/\/amicsdelcarme.com\/es\/wp-json\/wp\/v2\/media\/3391"}],"wp:attachment":[{"href":"https:\/\/amicsdelcarme.com\/es\/wp-json\/wp\/v2\/media?parent=3390"}],"wp:term":[{"taxonomy":"category","embeddable":true,"href":"https:\/\/amicsdelcarme.com\/es\/wp-json\/wp\/v2\/categories?post=3390"},{"taxonomy":"post_tag","embeddable":true,"href":"https:\/\/amicsdelcarme.com\/es\/wp-json\/wp\/v2\/tags?post=3390"}],"curies":[{"name":"wp","href":"https:\/\/api.w.org\/{rel}","templated":true}]}}