{"id":3219,"date":"2020-01-20T15:26:00","date_gmt":"2020-01-20T15:26:00","guid":{"rendered":"https:\/\/amicsdelcarme.com\/?p=3219"},"modified":"2020-03-16T15:40:56","modified_gmt":"2020-03-16T15:40:56","slug":"los-vecinos-del-barrio-celebran-un-concierto-para-revitalizar-velluters-con-el-motin-de-los-trabajadores-de-la-seda-en-1856-como-trasfondo","status":"publish","type":"post","link":"https:\/\/amicsdelcarme.com\/es\/los-vecinos-del-barrio-celebran-un-concierto-para-revitalizar-velluters-con-el-motin-de-los-trabajadores-de-la-seda-en-1856-como-trasfondo\/","title":{"rendered":"Los vecinos del barrio celebran un concierto para revitalizar Velluters con el mot\u00edn de los trabajadores de la seda en 1856 como trasfondo"},"content":{"rendered":"\n<p>Con este concierto, los vecinos y vecinas del barrio de Velluters en colaboraci\u00f3n con el Conservatorio de M\u00fasica de Val\u00e8ncia, conmemoran las reivindicaciones protagonizadas por los trabajadores de la seda -velluters-.<\/p>\n<p>Viernes, 24 de enero, a las 19:30, en el palacio Balmes (gremi de Fusters), en la calle de la Botja s\/n<\/p>\n<figure class=\"wp-block-image\"><img decoding=\"async\" class=\"wp-image-3359\" src=\"https:\/\/amicsdelcarme.com\/wp-content\/uploads\/2020\/01\/Concert_gener.jpeg\" sizes=\"(max-width: 1131px) 100vw, 1131px\" srcset=\"https:\/\/amicsdelcarme.com\/wp-content\/uploads\/2020\/01\/Concert_gener.jpeg 1131w, https:\/\/amicsdelcarme.com\/wp-content\/uploads\/2020\/01\/Concert_gener-212x300.jpeg 212w, https:\/\/amicsdelcarme.com\/wp-content\/uploads\/2020\/01\/Concert_gener-768x1086.jpeg 768w\" alt=\"\"><\/figure>\n<div class=\"wp-block-image\">\n<figure class=\"alignleft\"><img decoding=\"async\" class=\"wp-image-3361\" src=\"https:\/\/amicsdelcarme.com\/wp-content\/uploads\/2020\/01\/Moti_2020.jpeg\" sizes=\"(max-width: 1121px) 100vw, 1121px\" srcset=\"https:\/\/amicsdelcarme.com\/wp-content\/uploads\/2020\/01\/Moti_2020.jpeg 1121w, https:\/\/amicsdelcarme.com\/wp-content\/uploads\/2020\/01\/Moti_2020-210x300.jpeg 210w, https:\/\/amicsdelcarme.com\/wp-content\/uploads\/2020\/01\/Moti_2020-768x1096.jpeg 768w\" alt=\"\"><\/figure>\n<\/div>\n<p>&nbsp;<\/p>\n","protected":false},"excerpt":{"rendered":"<p>Con este concierto, los vecinos y vecinas del barrio de Velluters en colaboraci\u00f3n con el Conservatorio de M\u00fasica de Val\u00e8ncia, conmemoran las reivindicaciones protagonizadas por los trabajadores de la seda -velluters-. Viernes, 24 de enero, a las 19:30, en el palacio Balmes (gremi de Fusters), en la calle de la [&#8230;]<\/p>\n","protected":false},"author":1,"featured_media":3220,"comment_status":"closed","ping_status":"closed","sticky":false,"template":"","format":"standard","meta":{"_acf_changed":false,"footnotes":""},"categories":[92],"tags":[],"class_list":["post-3219","post","type-post","status-publish","format-standard","has-post-thumbnail","hentry","category-cultura-patrimonio"],"acf":[],"_links":{"self":[{"href":"https:\/\/amicsdelcarme.com\/es\/wp-json\/wp\/v2\/posts\/3219","targetHints":{"allow":["GET"]}}],"collection":[{"href":"https:\/\/amicsdelcarme.com\/es\/wp-json\/wp\/v2\/posts"}],"about":[{"href":"https:\/\/amicsdelcarme.com\/es\/wp-json\/wp\/v2\/types\/post"}],"author":[{"embeddable":true,"href":"https:\/\/amicsdelcarme.com\/es\/wp-json\/wp\/v2\/users\/1"}],"replies":[{"embeddable":true,"href":"https:\/\/amicsdelcarme.com\/es\/wp-json\/wp\/v2\/comments?post=3219"}],"version-history":[{"count":4,"href":"https:\/\/amicsdelcarme.com\/es\/wp-json\/wp\/v2\/posts\/3219\/revisions"}],"predecessor-version":[{"id":3225,"href":"https:\/\/amicsdelcarme.com\/es\/wp-json\/wp\/v2\/posts\/3219\/revisions\/3225"}],"wp:featuredmedia":[{"embeddable":true,"href":"https:\/\/amicsdelcarme.com\/es\/wp-json\/wp\/v2\/media\/3220"}],"wp:attachment":[{"href":"https:\/\/amicsdelcarme.com\/es\/wp-json\/wp\/v2\/media?parent=3219"}],"wp:term":[{"taxonomy":"category","embeddable":true,"href":"https:\/\/amicsdelcarme.com\/es\/wp-json\/wp\/v2\/categories?post=3219"},{"taxonomy":"post_tag","embeddable":true,"href":"https:\/\/amicsdelcarme.com\/es\/wp-json\/wp\/v2\/tags?post=3219"}],"curies":[{"name":"wp","href":"https:\/\/api.w.org\/{rel}","templated":true}]}}