{"id":3215,"date":"2019-12-15T15:25:00","date_gmt":"2019-12-15T15:25:00","guid":{"rendered":"https:\/\/amicsdelcarme.com\/?p=3215"},"modified":"2020-04-20T18:43:50","modified_gmt":"2020-04-20T16:43:50","slug":"el-ayuntamiento-inicia-a-escondidas-el-procedimiento-para-declarar-el-cese-de-convent-carmen","status":"publish","type":"post","link":"https:\/\/amicsdelcarme.com\/es\/el-ayuntamiento-inicia-a-escondidas-el-procedimiento-para-declarar-el-cese-de-convent-carmen\/","title":{"rendered":"El Ayuntamiento inicia, \u201ca escondidas\u201d, el procedimiento para declarar el cese de Convent Carmen"},"content":{"rendered":"\n<h2><strong>Amics del Carme denuncia ante la fiscal\u00eda, adem\u00e1s de las obras, la ocupaci\u00f3n del jard\u00edn y la irregular tramitaci\u00f3n de los permisos<\/strong><\/h2>\n<p>El pasado 8 de noviembre, el Servicio de Actividades, un a\u00f1o y 3 meses despu\u00e9s de la primera denuncia, comunic\u00f3 a los promotores del restaurante y local de eventos Convent Carmen, ubicado en el antiguo convento de las carmelitas de San Jos\u00e9, que a la vista de los informes t\u00e9cnicos emitidos deber\u00e1n cesar la actividad y restituir la situaci\u00f3n jur\u00eddica \u201cal momento inmediatamente anterior\u201d a la presentaci\u00f3n de las declaraciones responsables. Al efecto les concede a los promotores un plazo de 10 d\u00edas para que aleguen lo que estimen oportuno.<\/p>\n<p>El Servicio de actividades ha ocultado este documento a los vecinos denunciantes y a Amics del Carme, pues esta actuaci\u00f3n sigue sin constar en el expediente, ni ha sido notificada. Los vecinos afectados se han enterado cuando los promotores han realizado nuevos escritos pidiendo la paralizaci\u00f3n del cese.<\/p>\n<p>Para Amics del Carme no solo los promotores han mentido en documentos p\u00fablicos, sino que han gozado de la \u201cprotecci\u00f3n\u201d de un procedimiento plagado de vicios y tr\u00e1mites dilatorios. Este es el motivo por el que Amics ha dado traslado de su denuncia a la fiscal\u00eda pues no es exagerado suponer que pueda haber expolio patrimonial y prevaricaci\u00f3n administrativa.<\/p>\n<p>El Carme, y buena parte de sus barrios lim\u00edtrofes, como Velluters y Mercat, &nbsp;son zona ac\u00fasticamente saturada y existe una moratoria absoluta de apertura de nuevos locales que el Ayuntamiento ignora sistem\u00e1ticamente. Convent Carmen es solo un ejemplo, pero podr\u00edamos citar mas casos de locales funcionando sin licencia, o de nuevas terrazas con licencias mas que dudosas en calles peatonales.<\/p>\n<p>El Ayuntamiento es responsable del \u201cmercadeo\u201d abusivo que sufrimos en el espacio p\u00fablico de Ciutat Vella, el Ayuntamiento es el responsable del fracaso de proyectos de indudable inter\u00e9s p\u00fablico al consentirlos en lugares incompatibles e insostenibles socialmente.<\/p>\n<p>Ahora es mas necesaria que nunca la mesa de trabajo propuesta por la Federaci\u00f3n de AA de Vecinos de Val\u00e8ncia con Polic\u00eda Local y Actividades para resolver los permanentes conflictos que padecemos con la movilidad y la saturaci\u00f3n de terrazas, la impunidad con la que funcionan los apartamentos tur\u00edsticos ilegales y hasta el mism\u00edsimo oscurantismo con el que act\u00faa el servicio de actividades.<\/p>\n<p>Valencia no puede ser ni hospitalaria, ni ciudad de acogida si no dispone de los medios necesarios para ello. No podemos seguir invirtiendo en promoci\u00f3n tur\u00edstica sin atender el enorme coste social que este crecimiento sostenido e incontrolado est\u00e1 causando en la vivienda, en el espacio p\u00fablico, en la vida cotidiana de sus vecinas y vecinos.<\/p>\n","protected":false},"excerpt":{"rendered":"<p>Amics del Carme denuncia ante la fiscal\u00eda, adem\u00e1s de las obras, la ocupaci\u00f3n del jard\u00edn y la irregular tramitaci\u00f3n de los permisos El pasado 8 de noviembre, el Servicio de Actividades, un a\u00f1o y 3 meses despu\u00e9s de la primera denuncia, comunic\u00f3 a los promotores del restaurante y local de [&#8230;]<\/p>\n","protected":false},"author":1,"featured_media":3216,"comment_status":"closed","ping_status":"closed","sticky":false,"template":"","format":"standard","meta":{"_acf_changed":false,"footnotes":""},"categories":[92,1],"tags":[],"class_list":["post-3215","post","type-post","status-publish","format-standard","has-post-thumbnail","hentry","category-cultura-patrimonio","category-urbanismo"],"acf":[],"_links":{"self":[{"href":"https:\/\/amicsdelcarme.com\/es\/wp-json\/wp\/v2\/posts\/3215","targetHints":{"allow":["GET"]}}],"collection":[{"href":"https:\/\/amicsdelcarme.com\/es\/wp-json\/wp\/v2\/posts"}],"about":[{"href":"https:\/\/amicsdelcarme.com\/es\/wp-json\/wp\/v2\/types\/post"}],"author":[{"embeddable":true,"href":"https:\/\/amicsdelcarme.com\/es\/wp-json\/wp\/v2\/users\/1"}],"replies":[{"embeddable":true,"href":"https:\/\/amicsdelcarme.com\/es\/wp-json\/wp\/v2\/comments?post=3215"}],"version-history":[{"count":1,"href":"https:\/\/amicsdelcarme.com\/es\/wp-json\/wp\/v2\/posts\/3215\/revisions"}],"predecessor-version":[{"id":3218,"href":"https:\/\/amicsdelcarme.com\/es\/wp-json\/wp\/v2\/posts\/3215\/revisions\/3218"}],"wp:featuredmedia":[{"embeddable":true,"href":"https:\/\/amicsdelcarme.com\/es\/wp-json\/wp\/v2\/media\/3216"}],"wp:attachment":[{"href":"https:\/\/amicsdelcarme.com\/es\/wp-json\/wp\/v2\/media?parent=3215"}],"wp:term":[{"taxonomy":"category","embeddable":true,"href":"https:\/\/amicsdelcarme.com\/es\/wp-json\/wp\/v2\/categories?post=3215"},{"taxonomy":"post_tag","embeddable":true,"href":"https:\/\/amicsdelcarme.com\/es\/wp-json\/wp\/v2\/tags?post=3215"}],"curies":[{"name":"wp","href":"https:\/\/api.w.org\/{rel}","templated":true}]}}