{"id":3211,"date":"2019-11-30T15:22:00","date_gmt":"2019-11-30T15:22:00","guid":{"rendered":"https:\/\/amicsdelcarme.com\/?p=3211"},"modified":"2020-03-16T15:39:56","modified_gmt":"2020-03-16T15:39:56","slug":"amics-del-carme-presenta-en-el-mercado-de-mosen-sorell-un-bono-ayuda-para-financiar-sus-denuncias-contra-la-especulacion-en-ciutat-vella","status":"publish","type":"post","link":"https:\/\/amicsdelcarme.com\/es\/amics-del-carme-presenta-en-el-mercado-de-mosen-sorell-un-bono-ayuda-para-financiar-sus-denuncias-contra-la-especulacion-en-ciutat-vella\/","title":{"rendered":"Amics del Carme presenta en el Mercado de Mos\u00e9n Sorell un bono-ayuda para financiar sus denuncias contra la especulaci\u00f3n en Ciutat Vella"},"content":{"rendered":"\n<p>Hoy s\u00e1bado, en el Mercado de Moss\u00e8n Sorell, la asociaci\u00f3n de vecinos&nbsp;<strong>Amics del Carme<\/strong>, acompa\u00f1ados de la artista&nbsp;<strong>Carmen Calvo<\/strong>, ha presentado una campa\u00f1a para reivindicar que en el Carmen faltan vecinos y sobran solares.<\/p>\n<p>\u201cUn pueblo que olvida su pasado no puede aspirar a un presente digno ni a un futuro halag\u00fce\u00f1o\u201d ha manifestado la artista ante los socios y amigos que han acudido a la `presentaci\u00f3n.<\/p>\n<p>El Carmen, junto a sus barrios hist\u00f3ricos, est\u00e1 sufriendo un grave proceso de turistificaci\u00f3n, de transformaci\u00f3n de suelo residencial en hotelero, y para hacer frente a esta situaci\u00f3n de acelerada \u201cterciarizaci\u00f3n\u201d, la asociaci\u00f3n de vecinos ha iniciado una campa\u00f1a de recogida de fondos para sufragar los gastos de los servicios profesionales a contratar, esencialmente de abogados. El problema actual ya nos es de dialogo con la administraci\u00f3n, sino de cumplimiento de la legalidad. Prueba de ello es que las obras paralizadas en la ciudad para construir hoteles siempre han partido de denuncias vecinales.<\/p>\n<p>En Ciutat Vella hay m\u00e1s de cien solares, algunos de ellos desde la riada del 57. La falta de diligencia de la administraci\u00f3n est\u00e1 arruinando barrios enteros por el abandono o por la especulaci\u00f3n, en concreto en el Carmen hay calles donde ya no hay vecinos, solo solares, casas en ruinas o apartamentos tur\u00edsticos.<\/p>\n<ul class=\"wp-block-gallery columns-3 is-cropped\">\n<li class=\"blocks-gallery-item\">\n<figure><img decoding=\"async\" class=\"wp-image-3300\" src=\"https:\/\/amicsdelcarme.com\/wp-content\/uploads\/2019\/12\/CC_1-750x400.jpg\" alt=\"\" data-id=\"3300\" data-link=\"https:\/\/amicsdelcarme.com\/?attachment_id=3300\"><\/figure>\n<\/li>\n<li class=\"blocks-gallery-item\">\n<figure><img decoding=\"async\" class=\"wp-image-3302\" src=\"https:\/\/amicsdelcarme.com\/wp-content\/uploads\/2019\/12\/CC_2-750x400.jpg\" alt=\"\" data-id=\"3302\" data-link=\"https:\/\/amicsdelcarme.com\/?attachment_id=3302\"><\/figure>\n<\/li>\n<li class=\"blocks-gallery-item\">\n<figure><img decoding=\"async\" class=\"wp-image-3304\" src=\"https:\/\/amicsdelcarme.com\/wp-content\/uploads\/2019\/12\/CC_3-750x400.jpg\" alt=\"\" data-id=\"3304\" data-link=\"https:\/\/amicsdelcarme.com\/?attachment_id=3304\"><\/figure>\n<\/li>\n<li class=\"blocks-gallery-item\">\n<figure><img decoding=\"async\" class=\"wp-image-3306\" src=\"https:\/\/amicsdelcarme.com\/wp-content\/uploads\/2019\/12\/CC_4-750x400.jpg\" alt=\"\" data-id=\"3306\" data-link=\"https:\/\/amicsdelcarme.com\/?attachment_id=3306\"><\/figure>\n<\/li>\n<li class=\"blocks-gallery-item\">\n<figure><img decoding=\"async\" class=\"wp-image-3308\" src=\"https:\/\/amicsdelcarme.com\/wp-content\/uploads\/2019\/12\/CC_6-750x400.jpg\" alt=\"\" data-id=\"3308\" data-link=\"https:\/\/amicsdelcarme.com\/?attachment_id=3308\"><\/figure>\n<\/li>\n<li class=\"blocks-gallery-item\">\n<figure><img decoding=\"async\" class=\"wp-image-3310\" src=\"https:\/\/amicsdelcarme.com\/wp-content\/uploads\/2019\/12\/CC_7-750x400.jpg\" alt=\"\" data-id=\"3310\" data-link=\"https:\/\/amicsdelcarme.com\/?attachment_id=3310\"><\/figure>\n<\/li>\n<li class=\"blocks-gallery-item\">\n<figure><img decoding=\"async\" class=\"wp-image-3312\" src=\"https:\/\/amicsdelcarme.com\/wp-content\/uploads\/2019\/12\/CC_8-750x400.jpg\" alt=\"\" data-id=\"3312\" data-link=\"https:\/\/amicsdelcarme.com\/?attachment_id=3312\"><\/figure>\n<\/li>\n<li class=\"blocks-gallery-item\">\n<figure><img decoding=\"async\" class=\"wp-image-3314\" src=\"https:\/\/amicsdelcarme.com\/wp-content\/uploads\/2019\/12\/CC_9-750x400.jpg\" alt=\"\" data-id=\"3314\" data-link=\"https:\/\/amicsdelcarme.com\/?attachment_id=3314\"><\/figure>\n<\/li>\n<li class=\"blocks-gallery-item\">\n<figure><img decoding=\"async\" class=\"wp-image-3316\" src=\"https:\/\/amicsdelcarme.com\/wp-content\/uploads\/2019\/12\/CC_10-750x400.jpg\" alt=\"\" data-id=\"3316\" data-link=\"https:\/\/amicsdelcarme.com\/?attachment_id=3316\"><\/figure>\n<\/li>\n<\/ul>\n<h2>Nos vemos este s\u00e1bado!<\/h2>\n<p>El s\u00e1bado, 30 de noviembre, a las 12 horas, en el&nbsp;<strong>Mercat de Moss\u00e8n Sorell<\/strong>, presentaci\u00f3n oficial del bono-ayuda acompa\u00f1ados por&nbsp;<strong>Carmen Calvo<\/strong>. Se trata de una serie 250 postales numeradas y firmadas por la propia artista que se pondr\u00e1n a la venta a partir de este d\u00eda.<\/p>\n<p><strong>Amics del Carme<\/strong>&nbsp;invita a vecinos y vecinas a sumarse a esta presentaci\u00f3n que queremos que sea un acto de afirmaci\u00f3n por un barrio para vivir y disfrutar la ciudad.<\/p>\n","protected":false},"excerpt":{"rendered":"<p>Hoy s\u00e1bado, en el Mercado de Moss\u00e8n Sorell, la asociaci\u00f3n de vecinos&nbsp;Amics del Carme, acompa\u00f1ados de la artista&nbsp;Carmen Calvo, ha presentado una campa\u00f1a para reivindicar que en el Carmen faltan vecinos y sobran solares. \u201cUn pueblo que olvida su pasado no puede aspirar a un presente digno ni a un [&#8230;]<\/p>\n","protected":false},"author":1,"featured_media":3212,"comment_status":"closed","ping_status":"closed","sticky":false,"template":"","format":"standard","meta":{"_acf_changed":false,"footnotes":""},"categories":[1],"tags":[],"class_list":["post-3211","post","type-post","status-publish","format-standard","has-post-thumbnail","hentry","category-urbanismo"],"acf":[],"_links":{"self":[{"href":"https:\/\/amicsdelcarme.com\/es\/wp-json\/wp\/v2\/posts\/3211","targetHints":{"allow":["GET"]}}],"collection":[{"href":"https:\/\/amicsdelcarme.com\/es\/wp-json\/wp\/v2\/posts"}],"about":[{"href":"https:\/\/amicsdelcarme.com\/es\/wp-json\/wp\/v2\/types\/post"}],"author":[{"embeddable":true,"href":"https:\/\/amicsdelcarme.com\/es\/wp-json\/wp\/v2\/users\/1"}],"replies":[{"embeddable":true,"href":"https:\/\/amicsdelcarme.com\/es\/wp-json\/wp\/v2\/comments?post=3211"}],"version-history":[{"count":1,"href":"https:\/\/amicsdelcarme.com\/es\/wp-json\/wp\/v2\/posts\/3211\/revisions"}],"predecessor-version":[{"id":3214,"href":"https:\/\/amicsdelcarme.com\/es\/wp-json\/wp\/v2\/posts\/3211\/revisions\/3214"}],"wp:featuredmedia":[{"embeddable":true,"href":"https:\/\/amicsdelcarme.com\/es\/wp-json\/wp\/v2\/media\/3212"}],"wp:attachment":[{"href":"https:\/\/amicsdelcarme.com\/es\/wp-json\/wp\/v2\/media?parent=3211"}],"wp:term":[{"taxonomy":"category","embeddable":true,"href":"https:\/\/amicsdelcarme.com\/es\/wp-json\/wp\/v2\/categories?post=3211"},{"taxonomy":"post_tag","embeddable":true,"href":"https:\/\/amicsdelcarme.com\/es\/wp-json\/wp\/v2\/tags?post=3211"}],"curies":[{"name":"wp","href":"https:\/\/api.w.org\/{rel}","templated":true}]}}