{"id":3207,"date":"2019-11-27T15:20:05","date_gmt":"2019-11-27T15:20:05","guid":{"rendered":"https:\/\/amicsdelcarme.com\/?p=3207"},"modified":"2020-03-16T15:39:41","modified_gmt":"2020-03-16T15:39:41","slug":"constituim-un-grup-de-treball-pel-seguiment-dels-solars","status":"publish","type":"post","link":"https:\/\/amicsdelcarme.com\/es\/constituim-un-grup-de-treball-pel-seguiment-dels-solars\/","title":{"rendered":"Constitu\u00efm un Grup de treball pel seguiment dels solars"},"content":{"rendered":"\n<h4>Amics del Carme pren la iniciativa per recuperar ve\u00efnat i habitatges<\/h4>\n<p>La nova Junta Directiva de l\u2019Associaci\u00f3 d\u2019Amics del Carme s\u2019ha posat&nbsp;<strong>mans a l\u2019obra<\/strong>. Mai millor dit!!!<\/p>\n<p>Quan passegem per Ciutat Vella, en concret pels barris del Carme, Velluters, la Seu i el Mercat, evidenciem un aspecte com\u00fa en tots ells: la quantitat de buits per construir que hi ha. Alguns d\u2019aquests solars fa D\u00c8CADES que estan ah\u00ed, sense que l\u2019Ajuntament haja mogut un dit per activar-los, i aix\u00f2 que t\u00e9 tots els instruments legals perqu\u00e8 es constru\u00efsca.<\/p>\n<p>Hem decidit conformar un grup de treball per a fer un seguiment de la situaci\u00f3 urban\u00edstica en qu\u00e8 es troba els quasi dos centenars de solars que, repartits per Ciutat Vella, s\u00f3n un focus de problemes patrimonials, urban\u00edstics, de salut i de poblaci\u00f3 dels nostres barris. Aquesta \u00e9s una malaltia que, com la pallola, punteja i afecta a tot el nostre districte.<\/p>\n<p>Amics del Carme ja li ha traslladat a la regidora d\u2019Urbanisme la proposta d\u2019activar el Registre Municipal de Solars i Edificis a Rehabilitar (RMSER). No va ser fins al final de la legislatura passada que en van incloure uns quants per\u00f2 \u00e9s insuficient. Passa el temps i tot continua en el mateix punt.<\/p>\n<div class=\"wp-block-image\">\n<figure class=\"alignleft is-resized\"><img loading=\"lazy\" decoding=\"async\" class=\"wp-image-3270\" src=\"https:\/\/amicsdelcarme.com\/wp-content\/uploads\/2019\/11\/DSC00878-200x300.jpg\" sizes=\"auto, (max-width: 267px) 100vw, 267px\" srcset=\"https:\/\/amicsdelcarme.com\/wp-content\/uploads\/2019\/11\/DSC00878-200x300.jpg 200w, https:\/\/amicsdelcarme.com\/wp-content\/uploads\/2019\/11\/DSC00878.jpg 667w\" alt=\"\" width=\"267\" height=\"400\"><\/figure>\n<\/div>\n<p>Aquelles ve\u00efnes i ve\u00efns que tinguen coneixement d\u2019algun edifici abandonat i sense residents, i que pensen que caldria mobilitzar-lo per aportar m\u00e9s oferta d\u2019habitatges a Ciutat Vella, poden passar-se pel nostre local i ho parlem.<\/p>\n<p>L\u2019objectiu d\u2019aquest Grup de Treball \u00e9s la promoci\u00f3 de nous habitatges, l\u2019augment de la poblaci\u00f3 resident, la salubritat dels nostres carrers i la millora patrimonial de Ciutat Vella com a centre hist\u00f2ric de primer nivell.<\/p>\n<p>Aix\u00ed, Ciutat Vella ser\u00e0 m\u00e9s habitable i aquells que ens visiten s\u2019enduran la millor imatge del nostre centre hist\u00f2ric.<\/p>\n<div class=\"row entry-share-tags\">&nbsp;<\/div>\n","protected":false},"excerpt":{"rendered":"<p>Amics del Carme pren la iniciativa per recuperar ve\u00efnat i habitatges La nova Junta Directiva de l\u2019Associaci\u00f3 d\u2019Amics del Carme s\u2019ha posat&nbsp;mans a l\u2019obra. Mai millor dit!!! Quan passegem per Ciutat Vella, en concret pels barris del Carme, Velluters, la Seu i el Mercat, evidenciem un aspecte com\u00fa en tots [&#8230;]<\/p>\n","protected":false},"author":1,"featured_media":3208,"comment_status":"closed","ping_status":"closed","sticky":false,"template":"","format":"standard","meta":{"_acf_changed":false,"footnotes":""},"categories":[72],"tags":[],"class_list":["post-3207","post","type-post","status-publish","format-standard","has-post-thumbnail","hentry","category-actualitat-es"],"acf":[],"_links":{"self":[{"href":"https:\/\/amicsdelcarme.com\/es\/wp-json\/wp\/v2\/posts\/3207","targetHints":{"allow":["GET"]}}],"collection":[{"href":"https:\/\/amicsdelcarme.com\/es\/wp-json\/wp\/v2\/posts"}],"about":[{"href":"https:\/\/amicsdelcarme.com\/es\/wp-json\/wp\/v2\/types\/post"}],"author":[{"embeddable":true,"href":"https:\/\/amicsdelcarme.com\/es\/wp-json\/wp\/v2\/users\/1"}],"replies":[{"embeddable":true,"href":"https:\/\/amicsdelcarme.com\/es\/wp-json\/wp\/v2\/comments?post=3207"}],"version-history":[{"count":1,"href":"https:\/\/amicsdelcarme.com\/es\/wp-json\/wp\/v2\/posts\/3207\/revisions"}],"predecessor-version":[{"id":3210,"href":"https:\/\/amicsdelcarme.com\/es\/wp-json\/wp\/v2\/posts\/3207\/revisions\/3210"}],"wp:featuredmedia":[{"embeddable":true,"href":"https:\/\/amicsdelcarme.com\/es\/wp-json\/wp\/v2\/media\/3208"}],"wp:attachment":[{"href":"https:\/\/amicsdelcarme.com\/es\/wp-json\/wp\/v2\/media?parent=3207"}],"wp:term":[{"taxonomy":"category","embeddable":true,"href":"https:\/\/amicsdelcarme.com\/es\/wp-json\/wp\/v2\/categories?post=3207"},{"taxonomy":"post_tag","embeddable":true,"href":"https:\/\/amicsdelcarme.com\/es\/wp-json\/wp\/v2\/tags?post=3207"}],"curies":[{"name":"wp","href":"https:\/\/api.w.org\/{rel}","templated":true}]}}