{"id":3005,"date":"2018-02-06T09:08:22","date_gmt":"2018-02-06T09:08:22","guid":{"rendered":"https:\/\/amicsdelcarme.com\/la-artista-carmen-calvo-realiza-una-intervencion-en-el-entorno-de-la-muralla-arabe\/"},"modified":"2019-10-24T15:06:29","modified_gmt":"2019-10-24T15:06:29","slug":"la-artista-carmen-calvo-realiza-una-intervencion-en-el-entorno-de-la-muralla-arabe","status":"publish","type":"post","link":"https:\/\/amicsdelcarme.com\/es\/la-artista-carmen-calvo-realiza-una-intervencion-en-el-entorno-de-la-muralla-arabe\/","title":{"rendered":"Intervenci\u00f3n de la artista Carmen Calvo en el entorno de la muralla \u00e1rabe"},"content":{"rendered":"<p>Una pared medianera de un solar pr\u00f3ximo a una torre de la antigua muralla \u00e1rabe acoge desde hoy s\u00e1bado d\u00eda 1 de noviembre el \u00faltimo trabajo de la artista valenciana que lleva por t\u00edtulo <b>Inter (valo<\/b>). Se trata de una fotograf\u00eda de 6 metros de alto y 4 de ancho que reproduce la imagen de un armario con objetos y palabras inesperados en su interior, una imagen que dispara la imaginaci\u00f3n del transe\u00fante y le obliga a mirar el lugar de otra manera.<\/p>\n<p style=\"font-weight: 400;\"><img loading=\"lazy\" decoding=\"async\" class=\" wp-image-819 alignleft\" src=\"https:\/\/amicsdelcarme.com\/wp-content\/uploads\/2018\/02\/dsc04330.jpg\" alt=\"\" width=\"309\" height=\"205\" srcset=\"https:\/\/amicsdelcarme.com\/wp-content\/uploads\/2018\/02\/dsc04330.jpg 413w, https:\/\/amicsdelcarme.com\/wp-content\/uploads\/2018\/02\/dsc04330-300x199.jpg 300w\" sizes=\"auto, (max-width: 309px) 100vw, 309px\" \/>Hac\u00eda tiempo que la artista quer\u00eda intervenir en un lugar que recorre todos los d\u00edas para ir a su estudio. La dotaci\u00f3n del <strong>Premio Nacional de Artes Pl\u00e1sticas<\/strong> que le fue otorgado recientemente aseguraba la financiaci\u00f3n del proyecto, mientras que el acuerdo del propietario de la medianera y la colaboraci\u00f3n de los vecinos de la muralla, han terminado por hacerlo posible.<\/p>\n<blockquote><p>&nbsp;<\/p>\n<p style=\"font-weight: 400;\">\u201cLa intervenci\u00f3n quiere ser un homenaje personal a un entorno que me es muy familiar y, al mismo tiempo,&nbsp;&nbsp;reivindicar el valor patrimonial de este barrio y la necesidad de conservarlo\u201d, ha explicado.&nbsp;&nbsp;La intervenci\u00f3n parte tambi\u00e9n del deseo de la artista de estar m\u00e1s presente en la calle, \u201cen tiempos tan dif\u00edciles como los que estamos viviendo, es recomendable que los artistas salgamos de nuestros estudios y nos relacionemos m\u00e1s intensamente con el exterior\u201d, se\u00f1ala.<\/p>\n<\/blockquote>\n<p style=\"font-weight: 400;\">La obra&nbsp;<strong>Inter (valo)<\/strong>&nbsp;se inscribe en la serie de instalaciones de vitrinas y armarios de objetos en los que la artista compone su visi\u00f3n del mundo.&nbsp;&nbsp;Su ubicaci\u00f3n en un entorno cargado de historia y en un lugar de la ausencia,&nbsp;&nbsp;multiplica su capacidad de evocaci\u00f3n y sus significados.<\/p>\n<p style=\"font-weight: 400;\"><strong>Carmen Calvo<\/strong> pertenece a la generaci\u00f3n que renov\u00f3 el arte espa\u00f1ol a <img loading=\"lazy\" decoding=\"async\" class=\"alignright wp-image-910\" src=\"https:\/\/amicsdelcarme.com\/wp-content\/uploads\/2018\/02\/Obra-e1519600029504.jpg\" alt=\"\" width=\"230\" height=\"383\">finales de los a\u00f1os setenta. Su obra est\u00e1 presente en numerosos museos y colecciones nacionales e internacionales.&nbsp;&nbsp;La artista ha desarrollado un lenguaje personal con ra\u00edces en el arte povera, el informalismo abstracto,&nbsp;&nbsp;el pop o el surrealismo a trav\u00e9s de una obra caracterizada por la mezcla de materiales y t\u00e9cnicas as\u00ed como por la apropiaci\u00f3n de objetos vinculados a la memoria personal y colectiva, objetos que ella recupera y manipula proponiendo, con ello,&nbsp;&nbsp;un nuevo relato y una nueva manera de mirar.<\/p>\n<p style=\"font-weight: 400;\"><strong>Colaboran con el proyecto de Carmen Calvo<br \/>\n<\/strong>Plataforma de La Muralla<br \/>\nAssociaci\u00f3 de Ve\u00efns i Comerciants Amics del Carme<br \/>\nAsociaci\u00f3n de Vecinos del Barrio del Carmen<\/p>\n<p style=\"font-weight: 400;\"><strong>Producci\u00f3n<\/strong><br \/>\nDavid Estal, arquitecto (L&#8217;Ambaixada) y Ana\u00efs Florin, artista (Tener\u00edas)<\/p>\n<p style=\"font-weight: 400;\"><strong>Impresi\u00f3n<\/strong><br \/>\nMarc-Mart\u00ed<\/p>\n<p style=\"font-weight: 400;\"><strong>Instalador<\/strong><br \/>\nBoro Pascual, alpinista urbano<\/p>\n<p style=\"font-weight: 400;\">&nbsp;<\/p>\n","protected":false},"excerpt":{"rendered":"<p>Una enorme fotograf\u00eda de un armario-instalaci\u00f3n evoca, entre lo po\u00e9tico y lo reivindicativo, la memoria del lugar y el rastro misterioso de las cosas.<\/p>\n","protected":false},"author":1,"featured_media":2999,"comment_status":"closed","ping_status":"closed","sticky":false,"template":"","format":"standard","meta":{"_acf_changed":false,"footnotes":""},"categories":[72,76],"tags":[85],"class_list":["post-3005","post","type-post","status-publish","format-standard","has-post-thumbnail","hentry","category-actualitat-es","category-el-barri-es","tag-muralla-arabe"],"acf":[],"_links":{"self":[{"href":"https:\/\/amicsdelcarme.com\/es\/wp-json\/wp\/v2\/posts\/3005","targetHints":{"allow":["GET"]}}],"collection":[{"href":"https:\/\/amicsdelcarme.com\/es\/wp-json\/wp\/v2\/posts"}],"about":[{"href":"https:\/\/amicsdelcarme.com\/es\/wp-json\/wp\/v2\/types\/post"}],"author":[{"embeddable":true,"href":"https:\/\/amicsdelcarme.com\/es\/wp-json\/wp\/v2\/users\/1"}],"replies":[{"embeddable":true,"href":"https:\/\/amicsdelcarme.com\/es\/wp-json\/wp\/v2\/comments?post=3005"}],"version-history":[{"count":1,"href":"https:\/\/amicsdelcarme.com\/es\/wp-json\/wp\/v2\/posts\/3005\/revisions"}],"predecessor-version":[{"id":3007,"href":"https:\/\/amicsdelcarme.com\/es\/wp-json\/wp\/v2\/posts\/3005\/revisions\/3007"}],"wp:featuredmedia":[{"embeddable":true,"href":"https:\/\/amicsdelcarme.com\/es\/wp-json\/wp\/v2\/media\/2999"}],"wp:attachment":[{"href":"https:\/\/amicsdelcarme.com\/es\/wp-json\/wp\/v2\/media?parent=3005"}],"wp:term":[{"taxonomy":"category","embeddable":true,"href":"https:\/\/amicsdelcarme.com\/es\/wp-json\/wp\/v2\/categories?post=3005"},{"taxonomy":"post_tag","embeddable":true,"href":"https:\/\/amicsdelcarme.com\/es\/wp-json\/wp\/v2\/tags?post=3005"}],"curies":[{"name":"wp","href":"https:\/\/api.w.org\/{rel}","templated":true}]}}