{"id":2240,"date":"2019-03-27T13:26:47","date_gmt":"2019-03-27T13:26:47","guid":{"rendered":"https:\/\/amicsdelcarme.com\/?p=2240"},"modified":"2019-05-07T15:14:42","modified_gmt":"2019-05-07T15:14:42","slug":"pla-especial-proteccio","status":"publish","type":"post","link":"https:\/\/amicsdelcarme.com\/es\/pla-especial-proteccio\/","title":{"rendered":"El Pla Especial de Protecci\u00f3 de Ciutat Vella \u00e9s el #TimoPEP"},"content":{"rendered":"<p>Durant el proc\u00e9s participatiu del Pla Especial de Protecci\u00f3 de Ciutat Vella, particulars, col.lectius i associacions de ve\u00efns don\u00e0rem la veu d\u2019alarma per la<strong> situaci\u00f3 d\u2019emerg\u00e8ncia vital<\/strong> que patia la poblaci\u00f3 de Ciutat Vella degut a la proliferaci\u00f3 d\u2019establiments hotelers, la desaparici\u00f3 del comer\u00e7 de proximitat&nbsp;i l\u2019ocupaci\u00f3 de l\u2019espai p\u00fablic. En resum: la turistificaci\u00f3.<\/p>\n<p>Les noves modificacions que proposa l\u2019Ajuntament s\u00f3n un pas de rosca que busca, si m\u00e9s no, augmentar la terciaritzaci\u00f3 de Ciutat Vella i despullar-la de la seua residencialitat com a \u00fas prioritari:<\/p>\n<ul>\n<li>No restringeix de forma adequada l\u2019\u00e0nsia depravadora del sector hoteler.<\/li>\n<li>Permet la implantaci\u00f3 de comer\u00e7 no tradicional, franqu\u00edcies i restaurants en la pr\u00e0ctica totalitat de Ciutat Vella.<\/li>\n<li>Desclassifica edificis dotacionals, canviant-los a \u00fas estrictament privat per permetre la implantaci\u00f3 d\u2019hotels.<\/li>\n<li>Desprotegeix una gran quantitat d\u2019edificis amb valor patrimonial perqu\u00e8 puga atraure benefici lucratiu nom\u00e9s la ind\u00fastria tur\u00edstica.<\/li>\n<li>Promou un tipus d\u2019economia insostenible per al centre hist\u00f2ric.<\/li>\n<li>Allarga l\u2019agonia de Ciutat Vella en 20 anys.<\/li>\n<\/ul>\n<p>&nbsp;Hem assistit perplexos a reunions on es despreciaven els nostres arguments: deman\u00e0vem <u>respecte al patrimoni<\/u>, el manteniment de la <u>conviv\u00e8ncia<\/u> i la <u>residencialitat<\/u>. Per contra, hem apreciat que en la opini\u00f3 p\u00fablica calava el missatge pseudo-proteccionista de l\u2019Ajuntament. Denunciem que \u00e9s un missatge fala\u00e7.<\/p>\n<p>Deixen la porta oberta a 70 llic\u00e8ncies que estan tramitant-se. La morat\u00f2ria aprovada no t\u00e9 cap efecte sobre elles. De fet, s\u2019han aprovat algunes llic\u00e8ncies d\u2019apartaments tur\u00edstics i d\u2019hotels des de l\u2019inici de la redacci\u00f3 del PEP.<\/p>\n<p>\u00c9s una excusa que per a rehabilitar un edifici senyorial, patrimoni cultural de tots els valencians, s\u2019haja de convertir en un hotel, annexionant, a m\u00e9s a m\u00e9s, tot un edifici residencial contigu. Per\u00f2 aquesta versi\u00f3 permet, fins i tot, annexionar tres edificis residencials amb l\u2019argument de recuperar un forn.<\/p>\n<p>Tamb\u00e9 es pret\u00e9n furtar del gaudi general un convent, patrimoni cultural catalogat, amb el seu hort-jard\u00ed, per transformar-lo en un hotel.<\/p>\n<p>En contra de la Llei 4\/1998 de Patrimoni Cultural Valenci\u00e0, la regidoria d\u2019Urbanisme es ratifica en la voluntat de destruir del patrimoni cultural dels valencians, destrossant de forma irreparable la trama hist\u00f2rica de barris com el Mercat i Velluters, catalogada de BIC. Desapareixen del paisatge urb\u00e0 tradicional i hist\u00f2ric carrerons com el de sant Antoni, el de la Boatella i el dels Valeriola.<\/p>\n<p>L\u2019ampliaci\u00f3 del sub\u00e0mbit de comer\u00e7 tradicional \u00e9s rid\u00edcula, ja que all\u00f2 ampliat est\u00e0 completament colonitzat per les activitats que qualifiquen de no aptes per a la zona.<\/p>\n<p>La redacci\u00f3 d\u2019aquesta versi\u00f3 \u00e9s una tra\u00efci\u00f3 a la proposta principal del PEP, que proposava defensar la residencialitat, protegir el patrimoni hist\u00f2ric i mantenir la imatge i l\u2019activitat comercial tradicional.<\/p>\n<p>Aix\u00ed mateix, el regidor d\u2019urbanisme tra\u00efciona la confian\u00e7a, amb engany, que en ell v\u00e0rem dipositar les valencianes. \u00c9s un Pla Especial que insulta el treball voluntari i desinteressat que tantes i tants residents de Ciutat Vella v\u00e0rem prestar.<\/p>\n<p>Fins i tot, <u>\u00e9s un insult i un menyspreu al treball dels t\u00e8cnics<\/u> del seu departament que van fer l\u2019estudi de Qualitat Urbana que hauria de marcar les directrius de les decissions a prendre: en ell es mostra \u00abl\u2019excesiva terciaritzaci\u00f3 de l\u2019\u00e0mbit\u00bb de Ciutat Vella, \u00ab<strong>circumst\u00e0ncia excepcional en la ciutat<\/strong>, que unit a la pres\u00e8ncia sobrepassant els l\u00edmits admissibles d\u2019habitatges buits, descriuen un barri amena\u00e7at per l\u2019especialitzaci\u00f3 d\u2019usos aliens als residencials\u00bb. <strong>Barri amena\u00e7at<\/strong>. Paraules dels t\u00e8cnics de l\u2019ajuntament a les quals no es fan cas.<\/p>\n<p>Pel que fa als apartaments tur\u00edstics, volem evidienciar l\u2019aval que d\u00f3na l\u2019ajuntament a l\u2019economia submergida, permetent que una casa es comercialitze durant 60 dies, com si f\u00f3ra un hotel, sense pagar impostos i declarar eixa activitat econ\u00f2mica.<\/p>\n<p>L\u2019alcalde Joan Rib\u00f3 va manifestar la preocupaci\u00f3 sobre la gentrificaci\u00f3 que patien alguns barris, per\u00f2 sembla que tanca els ulls davant el perill que suposa aprovar aquest PEP en els termes en qu\u00e8 actualment se\u2019ns presenta.<\/p>\n<p><center><iframe loading=\"lazy\" src=\"https:\/\/www.youtube.com\/embed\/xzmhF00jjRo\" width=\"560\" height=\"315\" frameborder=\"0\" allowfullscreen=\"allowfullscreen\"><\/iframe><\/center><\/p>\n","protected":false},"excerpt":{"rendered":"<p>Durant el proc\u00e9s participatiu del Pla Especial de Protecci\u00f3 de Ciutat Vella, particulars, col.lectius i associacions de ve\u00efns don\u00e0rem la veu d\u2019alarma per la situaci\u00f3 d\u2019emerg\u00e8ncia vital que patia la poblaci\u00f3 de Ciutat Vella degut a la proliferaci\u00f3 d\u2019establiments hotelers, la desaparici\u00f3 del comer\u00e7 de proximitat&nbsp;i l\u2019ocupaci\u00f3 de l\u2019espai p\u00fablic. [&#8230;]<\/p>\n","protected":false},"author":3,"featured_media":2241,"comment_status":"closed","ping_status":"open","sticky":false,"template":"","format":"standard","meta":{"_acf_changed":false,"footnotes":""},"categories":[39,38],"tags":[],"class_list":["post-2240","post","type-post","status-publish","format-standard","has-post-thumbnail","hentry","category-actualitat","category-urbanisme"],"acf":[],"_links":{"self":[{"href":"https:\/\/amicsdelcarme.com\/es\/wp-json\/wp\/v2\/posts\/2240","targetHints":{"allow":["GET"]}}],"collection":[{"href":"https:\/\/amicsdelcarme.com\/es\/wp-json\/wp\/v2\/posts"}],"about":[{"href":"https:\/\/amicsdelcarme.com\/es\/wp-json\/wp\/v2\/types\/post"}],"author":[{"embeddable":true,"href":"https:\/\/amicsdelcarme.com\/es\/wp-json\/wp\/v2\/users\/3"}],"replies":[{"embeddable":true,"href":"https:\/\/amicsdelcarme.com\/es\/wp-json\/wp\/v2\/comments?post=2240"}],"version-history":[{"count":3,"href":"https:\/\/amicsdelcarme.com\/es\/wp-json\/wp\/v2\/posts\/2240\/revisions"}],"predecessor-version":[{"id":2253,"href":"https:\/\/amicsdelcarme.com\/es\/wp-json\/wp\/v2\/posts\/2240\/revisions\/2253"}],"wp:featuredmedia":[{"embeddable":true,"href":"https:\/\/amicsdelcarme.com\/es\/wp-json\/wp\/v2\/media\/2241"}],"wp:attachment":[{"href":"https:\/\/amicsdelcarme.com\/es\/wp-json\/wp\/v2\/media?parent=2240"}],"wp:term":[{"taxonomy":"category","embeddable":true,"href":"https:\/\/amicsdelcarme.com\/es\/wp-json\/wp\/v2\/categories?post=2240"},{"taxonomy":"post_tag","embeddable":true,"href":"https:\/\/amicsdelcarme.com\/es\/wp-json\/wp\/v2\/tags?post=2240"}],"curies":[{"name":"wp","href":"https:\/\/api.w.org\/{rel}","templated":true}]}}