{"id":1970,"date":"2018-07-05T06:22:11","date_gmt":"2018-07-05T06:22:11","guid":{"rendered":"http:\/\/amicsdelcarme.com\/?p=1970"},"modified":"2019-08-09T10:48:21","modified_gmt":"2019-08-09T10:48:21","slug":"1920","status":"publish","type":"post","link":"https:\/\/amicsdelcarme.com\/es\/1920\/","title":{"rendered":"Ve\u00efns en Perill d&#8217;Extinci\u00f3 y el Plan Especial de Protecci\u00f3n de Ciutat Vella"},"content":{"rendered":"<h1>Ve\u00efns en Perill d&#8217;Extinci\u00f3 y el Plan Especial de Protecci\u00f3n de Ciutat Vella<\/h1>\n<p style=\"font-weight: 400;\">Desde hace un a\u00f1o y medio, diferentes colectivos de la campa\u00f1a Ve\u00efns en Perill d&#8217;Extinci\u00f3, hemos colaborado activamente en talleres y en varias reuniones con el equipo que redacta el Plan Especial de Protecci\u00f3n de Ciutat Vella (PEP- Ciutat Vella). Este plan tiene como finalidad regular cuestiones urban\u00edsticas y socioecon\u00f3micas que afectan a la vida en los barrios de Ciutat Vella.<\/p>\n<p style=\"font-weight: 400;\">El pr\u00f3ximo 28 de junio de 2018 se aprobar\u00e1 el texto inicial del PEP-Ciutat Vella. En la \u00faltima reuni\u00f3n con el equipo redactor propusimos medidas para que Ciutat Vella contin\u00fae siendo un distrito preferentemente residencial pidiendo un mayor control sobre la proliferaci\u00f3n de apartamentos tur\u00edsticos y hoteles en Ciutat Vella. Es uno de los elementos centrales que debe regular el PEP, con el fin de detener el fuerte aumento del precio de los alquileres y de evitar la expulsi\u00f3n del vecindario.<\/p>\n<p style=\"font-weight: 400;\">El equipo redactor se comprometi\u00f3 a dar respuesta a las diferentes peticiones y hasta el moemnto, no hemos obtenido ninguna. Este silencio nos preocupa, ya que el PEP ser\u00e1 muy importante en las pr\u00f3ximas d\u00e9cadas. Consideramos que la turistificaci\u00f3n es uno de los principales problemas que afecta a Ciutat Vella y el PEP debe dar soluciones de manera decidida. Con el fin de preservar el car\u00e1cter residencial ante la presi\u00f3n tur\u00edstica pedimos las siguientes medidas:<\/p>\n<ul>\n<li style=\"font-weight: 400;\">Declaraci\u00f3n de Ciutat Vella como Zona Tur\u00edsticamente Saturada (ZTS), incluyendo la totalidad de los barrios de Velluters, El Carmen, el Mercado y la Seu-Xerea sin excepciones.<\/li>\n<li style=\"font-weight: 400;\">Suspensi\u00f3n definitiva de licencias de hoteles y de edificios de apartamentos tur\u00edsticos sin ning\u00fan tipo de excepci\u00f3n: incluyendo \u00ablos edificios singulares\u00bb y las licencias en tr\u00e1mite no otorgadas.<\/li>\n<li style=\"font-weight: 400;\">Inspecci\u00f3n y clausura de aquellas viviendas de uso tur\u00edstico actualmente inscritos en el Registro auton\u00f3mico, pero en situaci\u00f3n irregular de acuerdo al PGOU municipal y la exigencia de una autorizaci\u00f3n expl\u00edcita en los estatutos de las comunidades de vecinos.<\/li>\n<li style=\"font-weight: 400;\">Inclusi\u00f3n del Registro de Solares de Edificaci\u00f3n Forzosa y la catalogaci\u00f3n de la vivienda p\u00fablica previsto en r\u00e9gimen de alquiler para promover el aumento de poblaci\u00f3n residencial y garantizar el acceso a la vivienda de vecinas y vecinos.<\/li>\n<\/ul>\n<p style=\"font-weight: 400;\">Ve\u00efns en Perill d&#8217;Extinci\u00f3 continuaremos haciendo un seguimiento muy de cerca de los tr\u00e1mites del Documento Inicial del PEP-Ciutat Vella, promoveremos la presentaci\u00f3n de enmiendas y alegaciones para garantizar el car\u00e1cter residencial de los barrios de Ciutat Vella y propondremos movilizaciones con el fin de expresar p\u00fablicamente nuestro rechazo al estado actual de degradaci\u00f3n urban\u00edstica y residencial que padecemos.<\/p>\n<p style=\"font-weight: 400;\">Esta declaraci\u00f3n est\u00e1 sostenida por diferentes colectivos sociales y culturales de Ciutat Vella: <strong>Amics del Carme, Escoltem Velluters, Plataforma per la Muralla, Col\u00b7lectiu de Mares i Pares de Ciutat Vella, Endavant, Associaci\u00f3 de Ve\u00efns El Palleter, Espai de lliure aprenentatge El Punt, Ateneu al Margen, Centre de Dia Amaltea, Ca Revolta, Falles Populars i Combatives, Associaci\u00f3 del xicotet comer\u00e7 del barri del Mercat, Associaci\u00f3 Caleidoscopi i Ciutat Vella Batega<\/strong>.<\/p>\n","protected":false},"excerpt":{"rendered":"<p>Ve\u00efns en Perill d&#8217;Extinci\u00f3 y el Plan Especial de Protecci\u00f3n de Ciutat Vella Desde hace un a\u00f1o y medio, diferentes colectivos de la campa\u00f1a Ve\u00efns en Perill d&#8217;Extinci\u00f3, hemos colaborado activamente en talleres y en varias reuniones con el equipo que redacta el Plan Especial de Protecci\u00f3n de Ciutat Vella [&#8230;]<\/p>\n","protected":false},"author":1,"featured_media":1895,"comment_status":"closed","ping_status":"closed","sticky":false,"template":"","format":"standard","meta":{"_acf_changed":false,"footnotes":""},"categories":[1],"tags":[65,73,64,74],"class_list":["post-1970","post","type-post","status-publish","format-standard","has-post-thumbnail","hentry","category-urbanismo","tag-pep-ciutat-vella","tag-pep-ciutat-vella-es","tag-veinat-en-perill-dextincio","tag-veinat-en-perill-dextincio-es"],"acf":[],"_links":{"self":[{"href":"https:\/\/amicsdelcarme.com\/es\/wp-json\/wp\/v2\/posts\/1970","targetHints":{"allow":["GET"]}}],"collection":[{"href":"https:\/\/amicsdelcarme.com\/es\/wp-json\/wp\/v2\/posts"}],"about":[{"href":"https:\/\/amicsdelcarme.com\/es\/wp-json\/wp\/v2\/types\/post"}],"author":[{"embeddable":true,"href":"https:\/\/amicsdelcarme.com\/es\/wp-json\/wp\/v2\/users\/1"}],"replies":[{"embeddable":true,"href":"https:\/\/amicsdelcarme.com\/es\/wp-json\/wp\/v2\/comments?post=1970"}],"version-history":[{"count":4,"href":"https:\/\/amicsdelcarme.com\/es\/wp-json\/wp\/v2\/posts\/1970\/revisions"}],"predecessor-version":[{"id":1986,"href":"https:\/\/amicsdelcarme.com\/es\/wp-json\/wp\/v2\/posts\/1970\/revisions\/1986"}],"wp:featuredmedia":[{"embeddable":true,"href":"https:\/\/amicsdelcarme.com\/es\/wp-json\/wp\/v2\/media\/1895"}],"wp:attachment":[{"href":"https:\/\/amicsdelcarme.com\/es\/wp-json\/wp\/v2\/media?parent=1970"}],"wp:term":[{"taxonomy":"category","embeddable":true,"href":"https:\/\/amicsdelcarme.com\/es\/wp-json\/wp\/v2\/categories?post=1970"},{"taxonomy":"post_tag","embeddable":true,"href":"https:\/\/amicsdelcarme.com\/es\/wp-json\/wp\/v2\/tags?post=1970"}],"curies":[{"name":"wp","href":"https:\/\/api.w.org\/{rel}","templated":true}]}}