{"id":1341,"date":"2018-05-04T12:21:28","date_gmt":"2018-05-04T12:21:28","guid":{"rendered":"http:\/\/amicsdelcarme.com\/?p=1341"},"modified":"2018-06-22T10:06:12","modified_gmt":"2018-06-22T10:06:12","slug":"diario-x-para-que-llamar-si-no-vengan","status":"publish","type":"post","link":"https:\/\/amicsdelcarme.com\/es\/diario-x-para-que-llamar-si-no-vengan\/","title":{"rendered":"Diario X &#8211; \u00bfPara qu\u00e9 llamar si no vienen?"},"content":{"rendered":"<h2>\u00bfPara qu\u00e9 llamar si no vienen?<\/h2>\n<h4>Estamos en la sede de Amics el Carme\/Febrero 2018<\/h4>\n<p>Estamos Llu\u00eds, Mar\u00eda, Jos\u00e9, Toni, Mar\u00eda Jos\u00e9 y yo.<\/p>\n<p>Acude una vecina a la sede que hab\u00eda quedado en venir por tener un problema con <em>un bar de prostitutas <\/em>sin licencia de cocina. \u201c\u00bf<em>Qu\u00e8 fa un bar sense cuina? Son ganes de no fer b\u00e9 les coses.\u201d<\/em><\/p>\n<p><img loading=\"lazy\" decoding=\"async\" class=\"alignleft wp-image-1342\" src=\"http:\/\/amicsdelcarme.com\/wp-content\/uploads\/2018\/05\/10.-293x300.jpg\" alt=\"\" width=\"256\" height=\"262\" srcset=\"https:\/\/amicsdelcarme.com\/wp-content\/uploads\/2018\/05\/10.-293x300.jpg 293w, https:\/\/amicsdelcarme.com\/wp-content\/uploads\/2018\/05\/10..jpg 589w\" sizes=\"auto, (max-width: 256px) 100vw, 256px\" \/>Poco tiempo despu\u00e9s entran tambi\u00e9n el vecino P. y su mujer F. Desde que estoy en la asociaci\u00f3n les he visto acudir a la asociaci\u00f3n de forma regular ya que el problema con los m\u00fasicos y los saltimbanquis del fuego bajo de su casa no se soluciona. \u00ab<em>Estamos hablando de cambiar de estrategia. <strong>\u00bfPara qu\u00e9 llamar si no vienen?<\/strong> La polic\u00eda no hace ni caso. Vamos a comunicarnos con ellos por escrito.\u00bb&nbsp;<\/em>Han venido para hablar con el polic\u00eda pero como no viene esta semana se van poco despu\u00e9s.<\/p>\n<p>Se trata el tema de los presupuestos participativos del a\u00f1o que viene para los proyectos del barrio. Le gustar\u00eda preparar una propuesta para levantar la plaza detr\u00e1s de la sede y convertirla en un parque para ni\u00f1os.<\/p>\n<blockquote><p><em>La plaza tiene una historia de desgracias. No entiendo que el \u00e1rbol sea m\u00e1s importante que las personas. A m\u00ed no me cabe en la cabeza. <\/em><\/p><\/blockquote>\n<p>A continuaci\u00f3n, Llu\u00eds nos cuenta c\u00f3mo le fue la reuni\u00f3n con ciudadanos y Mar\u00eda Jos\u00e9 habla de pedir una reuni\u00f3n con Rib\u00f3.<\/p>\n<p>Cuando todos se van, quedan Llu\u00eds, Toni, Mar\u00eda Jos\u00e9, Jos\u00e9 y yo en la sede.<\/p>\n<p>Jos\u00e9 menciona un art\u00edculo de Carlos Aimeur que se public\u00f3 en Valenciaplaza sobre el alquiler de pisos tur\u00edsticos. En este art\u00edculo se dice que se <em><strong>permitir\u00e1 el alquiler de la vivienda propia 60 d\u00edas sin tener que registrarla como piso tur\u00edstico<\/strong>. <\/em>Le gustar\u00eda conocer la postura de la asociaci\u00f3n ya que no est\u00e1 de acuerdo con el escrito.<\/p>\n<p><em>El ambiente se calienta. Co-existen dos posturas claras en la sala. Derecho de vecinos versus derecho de propietarios. La pr\u00f3xima hora se pasa discutiendo.<\/em><\/p>\n<p><em>Poco despu\u00e9s salgo a la calle. Hace fresco hoy.<\/em><\/p>\n","protected":false},"excerpt":{"rendered":"<p>..Estamos hablando de cambiar la estrategia. \u00bfPara qu\u00e9 llamar si no vienen? La polic\u00eda no hace ni caso. Vamos a comunicarnos con ellos por escrito.\u00bb<\/p>\n","protected":false},"author":1,"featured_media":0,"comment_status":"closed","ping_status":"open","sticky":false,"template":"","format":"minientrada","meta":{"_acf_changed":false,"footnotes":""},"categories":[61],"tags":[],"class_list":["post-1341","post","type-post","status-publish","format-minientrada","hentry","category-entrada-de-diari","post_format-minientrada"],"acf":[],"_links":{"self":[{"href":"https:\/\/amicsdelcarme.com\/es\/wp-json\/wp\/v2\/posts\/1341","targetHints":{"allow":["GET"]}}],"collection":[{"href":"https:\/\/amicsdelcarme.com\/es\/wp-json\/wp\/v2\/posts"}],"about":[{"href":"https:\/\/amicsdelcarme.com\/es\/wp-json\/wp\/v2\/types\/post"}],"author":[{"embeddable":true,"href":"https:\/\/amicsdelcarme.com\/es\/wp-json\/wp\/v2\/users\/1"}],"replies":[{"embeddable":true,"href":"https:\/\/amicsdelcarme.com\/es\/wp-json\/wp\/v2\/comments?post=1341"}],"version-history":[{"count":5,"href":"https:\/\/amicsdelcarme.com\/es\/wp-json\/wp\/v2\/posts\/1341\/revisions"}],"predecessor-version":[{"id":3350,"href":"https:\/\/amicsdelcarme.com\/es\/wp-json\/wp\/v2\/posts\/1341\/revisions\/3350"}],"wp:attachment":[{"href":"https:\/\/amicsdelcarme.com\/es\/wp-json\/wp\/v2\/media?parent=1341"}],"wp:term":[{"taxonomy":"category","embeddable":true,"href":"https:\/\/amicsdelcarme.com\/es\/wp-json\/wp\/v2\/categories?post=1341"},{"taxonomy":"post_tag","embeddable":true,"href":"https:\/\/amicsdelcarme.com\/es\/wp-json\/wp\/v2\/tags?post=1341"}],"curies":[{"name":"wp","href":"https:\/\/api.w.org\/{rel}","templated":true}]}}