{"id":1332,"date":"2018-02-04T11:55:40","date_gmt":"2018-02-04T11:55:40","guid":{"rendered":"http:\/\/amicsdelcarme.com\/?p=1332"},"modified":"2018-06-22T10:06:12","modified_gmt":"2018-06-22T10:06:12","slug":"diario-ix-esto-es-un-dolor-de-cabeza","status":"publish","type":"post","link":"https:\/\/amicsdelcarme.com\/es\/diario-ix-esto-es-un-dolor-de-cabeza\/","title":{"rendered":"Diario IX &#8211; \u00a1Esto es un dolor de cabeza!"},"content":{"rendered":"<h2>\u00a1Esto es un dolor de cabeza!<\/h2>\n<h4>Plan de movilidad y encuentro con Dem\u00f2crates Valencians\/Febrero 2018<\/h4>\n<p>Cuando llego, Llu\u00eds, Toni y Mar\u00eda Jos\u00e9 ya est\u00e1n repasando la reuni\u00f3n de la mesa sectorial relacionada con el modelo de movilidad y los bucles en Ciutat Vella. Mientras que hablan de \u201c<em>delimitar zonas donde los camiones puedan estacionar y hacer su trabajo<\/em>\u201d, de itinerarios forzados, de accesos y plazas de garaje, entran Mar\u00eda y poco despu\u00e9s un polic\u00eda de barrio.<a class=\"fancybox\" href=\"http:\/\/amicsdelcarme.com\/wp-content\/uploads\/2018\/05\/9-1.jpg\"><img loading=\"lazy\" decoding=\"async\" width=\"300\" height=\"168\" class=\"alignleft wp-image-1334 size-medium\" alt=\"\" src=\"http:\/\/amicsdelcarme.com\/wp-content\/uploads\/2018\/05\/9-1-300x168.jpg\" srcset=\"https:\/\/amicsdelcarme.com\/wp-content\/uploads\/2018\/05\/9-1-300x168.jpg 300w, https:\/\/amicsdelcarme.com\/wp-content\/uploads\/2018\/05\/9-1.jpg 376w\" sizes=\"auto, (max-width: 300px) 100vw, 300px\" \/><\/a><\/p>\n<p>Toni y Mar\u00eda Jos\u00e9 debaten. Los dem\u00e1s miramos el mapa que est\u00e1 delante de ellos. \u201c<\/p>\n<p><strong>\u00a1<em>Esto es un dolor de cabeza!&nbsp;<\/em><\/strong><em>Porque haya pecadores, \u00bfnos cortamos todos las manos? [\u2026]&nbsp;<\/em>\u00a1<em>Eliminar 3 bucles es suficiente!\u201d&nbsp; <\/em>El ambiente por momentos parece caldeado.<\/p>\n<p>Al poco rato entra una vecina que tiene un problema con un apartamento tur\u00edstico en su finca.<\/p>\n<blockquote><p><em>.. porque no duermes, claro. [\u2026] es un r\u00e9gimen de vacaciones. Est\u00e1s con un aire de lo que va a pasar esta noche. [\u2026] \u00bfQu\u00e9 tengo que hacer?<\/em><\/p><\/blockquote>\n<p>Una sonrisa nerviosa. El polic\u00eda le propone ir el d\u00eda siguiente a su finca y levantar un acta y Toni y Llu\u00eds le aconsejan en cuanto al resto del procedimiento. \u201c\u00a1<em>Te lo agradezco mucho!\u201d<\/em> Su cara desprende alivio.<\/p>\n<p>Hay mucha gente en la sede hoy, la din\u00e1mica es un poco diferente y no capto todo al vuelo.<\/p>\n<p>Entra otra vecina y sobre las 8 llegan los <em>Dem\u00f2crates Valencians<\/em>. Son 3. <em>\u201cSom centristes, valencianistes. [\u2026] Volem ser els primers. [\u2026] M\u2019alegra molt veure-vos aix\u00ed. [\u2026] Gent que es responsabilitza.\u201d \u201c<strong>\u00bfI com vos posicioneu.. enfront als apartaments tur\u00edstics, hotels..?\u201d <\/strong><\/em>Toni pregunta y Jos\u00e9 tambi\u00e9n. Algunos de nosotros les miramos con curiosidad. Explican, entre otras cosas, que son un partido nuevo que ha venido sobre todo para escuchar. Dicen que no quieren que se trate Ciutat Vella y al Carmen distinto a otros barrios a lo cual responde Llu\u00eds que no es un barrio como otro y que cada barrio tendr\u00eda su propia din\u00e1mica.<\/p>\n<p>Se establece una conversaci\u00f3n fluida entre algunos de Amics y ellos. Se habla de urbanismo, apartamentos tur\u00edsticos, espacios p\u00fablicos y vivienda.<\/p>\n<p>Escucho y apunto un poco. Al poco rato miro las notas de mi libreta con un poco de aversi\u00f3n.<\/p>\n","protected":false},"excerpt":{"rendered":"<p>\u00bfI com vos posicioneu.. enfront als apartaments tur\u00edstics, hotels..?\u201d<br \/>\nAlgunos de nosotros les miramos con curiosidad.<br \/>\nExplican, entre otras cosas, que son un partido nuevo y que han venido sobre todo para escuchar.<\/p>\n","protected":false},"author":1,"featured_media":0,"comment_status":"closed","ping_status":"open","sticky":false,"template":"","format":"minientrada","meta":{"_acf_changed":false,"footnotes":""},"categories":[61],"tags":[],"class_list":["post-1332","post","type-post","status-publish","format-minientrada","hentry","category-entrada-de-diari","post_format-minientrada"],"acf":[],"_links":{"self":[{"href":"https:\/\/amicsdelcarme.com\/es\/wp-json\/wp\/v2\/posts\/1332","targetHints":{"allow":["GET"]}}],"collection":[{"href":"https:\/\/amicsdelcarme.com\/es\/wp-json\/wp\/v2\/posts"}],"about":[{"href":"https:\/\/amicsdelcarme.com\/es\/wp-json\/wp\/v2\/types\/post"}],"author":[{"embeddable":true,"href":"https:\/\/amicsdelcarme.com\/es\/wp-json\/wp\/v2\/users\/1"}],"replies":[{"embeddable":true,"href":"https:\/\/amicsdelcarme.com\/es\/wp-json\/wp\/v2\/comments?post=1332"}],"version-history":[{"count":5,"href":"https:\/\/amicsdelcarme.com\/es\/wp-json\/wp\/v2\/posts\/1332\/revisions"}],"predecessor-version":[{"id":1599,"href":"https:\/\/amicsdelcarme.com\/es\/wp-json\/wp\/v2\/posts\/1332\/revisions\/1599"}],"wp:attachment":[{"href":"https:\/\/amicsdelcarme.com\/es\/wp-json\/wp\/v2\/media?parent=1332"}],"wp:term":[{"taxonomy":"category","embeddable":true,"href":"https:\/\/amicsdelcarme.com\/es\/wp-json\/wp\/v2\/categories?post=1332"},{"taxonomy":"post_tag","embeddable":true,"href":"https:\/\/amicsdelcarme.com\/es\/wp-json\/wp\/v2\/tags?post=1332"}],"curies":[{"name":"wp","href":"https:\/\/api.w.org\/{rel}","templated":true}]}}