{"id":1324,"date":"2018-01-04T11:31:53","date_gmt":"2018-01-04T11:31:53","guid":{"rendered":"http:\/\/amicsdelcarme.com\/?p=1324"},"modified":"2018-06-22T10:06:12","modified_gmt":"2018-06-22T10:06:12","slug":"diario-viii-se-trata-de-un-hito-historico","status":"publish","type":"post","link":"https:\/\/amicsdelcarme.com\/es\/diario-viii-se-trata-de-un-hito-historico\/","title":{"rendered":"Diario VIII &#8211; \u00a1Se trata de un hito hist\u00f3rico!"},"content":{"rendered":"<h2>\u00a1Se trata de un hito hist\u00f3rico!<\/h2>\n<h4>Reuni\u00f3n Comisi\u00f3n de seguimiento de la ZAS \/ Enero 2018<\/h4>\n<p>Hoy es la reuni\u00f3n de la Comisi\u00f3n de Seguimiento de la ZAS del Carmen, se debaten propuestas de medidas definitivas. Somos unas 15 personas, entre ellas, Pilar Soriano, Concejal de Medio Ambiente, Mar\u00eda Jos\u00e9 Broseta,&nbsp; Presidenta de la Federaci\u00f3n de Asociaciones de Vecinos de Valencia, representantes de la Federaci\u00f3n de Hosteler\u00eda, funcionarios de distintos departamentos del Ayuntamiento: servicio de circulaci\u00f3n, polic\u00eda local, contaminaci\u00f3n ac\u00fastica, &#8230;. (alguien pregunta y hace notar la ausencia de funcionarios del servicio de actividades) , y por Amics del Carme, Maite y Toni.<\/p>\n<p><img loading=\"lazy\" decoding=\"async\" class=\"wp-image-1325 size-medium alignleft\" src=\"http:\/\/amicsdelcarme.com\/wp-content\/uploads\/2018\/05\/8.-300x225.jpg\" alt=\"\" width=\"300\" height=\"225\" srcset=\"https:\/\/amicsdelcarme.com\/wp-content\/uploads\/2018\/05\/8.-300x225.jpg 300w, https:\/\/amicsdelcarme.com\/wp-content\/uploads\/2018\/05\/8.-768x576.jpg 768w, https:\/\/amicsdelcarme.com\/wp-content\/uploads\/2018\/05\/8..jpg 800w\" sizes=\"auto, (max-width: 300px) 100vw, 300px\" \/>La concejal entrega un dossier con las propuestas de medidas definitivas que ir\u00e1n al pleno del Ayuntamiento para su aprobaci\u00f3n. El representante de la Federaci\u00f3n de Hosteler\u00eda abre el turno de r\u00e9plicas y hace notar que en dos p\u00e1rrafos se hace referencia a la antigua normativa sobre ocupaci\u00f3n de la v\u00eda p\u00fablica en vez de la nueva. Se le confirma que se trata de errores que se van a corregir.<\/p>\n<p>Maite me mira y pregunta a trav\u00e9s de un gesto si estoy tomando apuntes. Asiento con la cabeza \u00bfY si no entender\u00e9 todo?<\/p>\n<p>Interviene un polic\u00eda, menciona el desplazamiento de locales abiertos hasta la madrugada hacia calles en el l\u00edmite donde la ZAS queda sin efecto. Seg\u00fan \u00e9l, esto es un problema que ir\u00e1 a mas y que habr\u00eda que solucionar.<\/p>\n<p><em><strong>\u201c\u00bfY cu\u00e1l es la alternativa?<\/strong> Si se ampl\u00eda la zona pasar\u00e1 lo mismo<\/em>\u201d, dice una funcionaria.<\/p>\n<p>Un hombre a mi izquierda con una americana azul explica que \u201cno habr\u00eda ning\u00fan problema si se vendiese lo que se supone, pan en vez de cerveza. El alcohol es el problema.\u201d<\/p>\n<p>\u00ab\u00a1<em>Claro<\/em>!\u00bb Toni<img loading=\"lazy\" decoding=\"async\" class=\"wp-image-1326 size-medium alignleft\" src=\"http:\/\/amicsdelcarme.com\/wp-content\/uploads\/2018\/05\/8.2-225x300.jpg\" alt=\"\" width=\"225\" height=\"300\" srcset=\"https:\/\/amicsdelcarme.com\/wp-content\/uploads\/2018\/05\/8.2-225x300.jpg 225w, https:\/\/amicsdelcarme.com\/wp-content\/uploads\/2018\/05\/8.2.jpg 452w\" sizes=\"auto, (max-width: 225px) 100vw, 225px\" \/>&nbsp;est\u00e1 de acuerdo con \u00e9l.<\/p>\n<p>Seg\u00fan el polic\u00eda, se deber\u00eda poder denunciar y sancionar a estos establecimientos. <em>\u201cDenunciamos todo lo que vemos, pero en el centro hay libertad de horarios al ser zona tur\u00edstica\u201d.<\/em><\/p>\n<p>El siguiente en tomar la palabra es Amics del Carme. Sobre las propuestas entregadas de medidas definitivas para la declaraci\u00f3n del Carmen como zona ac\u00fasticamente saturada dicen que <b><i>\u00abesto supone un momento hist\u00f3rico que debe marcar un antes y un despu\u00e9s\u00bb. <\/i><\/b>A la vez, se deber\u00eda tener en cuenta que la ZAS es una medida regulatoria excepcional. Ser\u00eda muy importante incluir en el Plan Especial de Protecci\u00f3n de Ciutat Vella, algunas de las medidas de la ZAS.<\/p>\n<p>Algunos asienten con la cabeza. Cuando Maite pregunta con qu\u00e9 calendario se est\u00e1 trabajando, la Jefa del Servicio de Contaminaci\u00f3n Ac\u00fastica, se pone un tanto nerviosa, Pilar Soriano la interrumpe para explicar el procedimiento.<\/p>\n<p>Al final de la reuni\u00f3n todos firman el acta.<\/p>\n<p>\u201cHa sido una reuni\u00f3n un poco aburrida. No hab\u00eda happening\u201d es el resumen de Toni.<\/p>\n<p>&nbsp;<\/p>\n","protected":false},"excerpt":{"rendered":"<p>\u201cEsto es un momento hist\u00f3rico que debe marcar un antes y un despu\u00e9s. Para Amics del Carme, la tramitaci\u00f3n de las medidas definitivas supone un hito hist\u00f3rico, por el que ven\u00edan luchando desde la creaci\u00f3n de la asociaci\u00f3n.<br \/>\nPero a la vez, se deber\u00eda tener en cuenta que la ZAS es una medida regulatoria excepcional. Habr\u00eda que tratar que en el PEP de Ciutat Vella se trasladaran algunas medidas.<\/p>\n","protected":false},"author":1,"featured_media":0,"comment_status":"closed","ping_status":"open","sticky":false,"template":"","format":"minientrada","meta":{"_acf_changed":false,"footnotes":""},"categories":[61],"tags":[],"class_list":["post-1324","post","type-post","status-publish","format-minientrada","hentry","category-entrada-de-diari","post_format-minientrada"],"acf":[],"_links":{"self":[{"href":"https:\/\/amicsdelcarme.com\/es\/wp-json\/wp\/v2\/posts\/1324","targetHints":{"allow":["GET"]}}],"collection":[{"href":"https:\/\/amicsdelcarme.com\/es\/wp-json\/wp\/v2\/posts"}],"about":[{"href":"https:\/\/amicsdelcarme.com\/es\/wp-json\/wp\/v2\/types\/post"}],"author":[{"embeddable":true,"href":"https:\/\/amicsdelcarme.com\/es\/wp-json\/wp\/v2\/users\/1"}],"replies":[{"embeddable":true,"href":"https:\/\/amicsdelcarme.com\/es\/wp-json\/wp\/v2\/comments?post=1324"}],"version-history":[{"count":5,"href":"https:\/\/amicsdelcarme.com\/es\/wp-json\/wp\/v2\/posts\/1324\/revisions"}],"predecessor-version":[{"id":1640,"href":"https:\/\/amicsdelcarme.com\/es\/wp-json\/wp\/v2\/posts\/1324\/revisions\/1640"}],"wp:attachment":[{"href":"https:\/\/amicsdelcarme.com\/es\/wp-json\/wp\/v2\/media?parent=1324"}],"wp:term":[{"taxonomy":"category","embeddable":true,"href":"https:\/\/amicsdelcarme.com\/es\/wp-json\/wp\/v2\/categories?post=1324"},{"taxonomy":"post_tag","embeddable":true,"href":"https:\/\/amicsdelcarme.com\/es\/wp-json\/wp\/v2\/tags?post=1324"}],"curies":[{"name":"wp","href":"https:\/\/api.w.org\/{rel}","templated":true}]}}