{"id":1200,"date":"2018-02-27T11:03:20","date_gmt":"2018-02-27T11:03:20","guid":{"rendered":"http:\/\/amicsdelcarme.com\/?p=1200"},"modified":"2018-06-22T10:06:12","modified_gmt":"2018-06-22T10:06:12","slug":"diario-vii-como-llegamos-al-conocimiento","status":"publish","type":"post","link":"https:\/\/amicsdelcarme.com\/es\/diario-vii-como-llegamos-al-conocimiento\/","title":{"rendered":"Diario VII &#8211; \u00bfC\u00f3mo llegamos al conocimiento?"},"content":{"rendered":"<h2>\u00bfC\u00f3mo llegamos al conocimiento?<\/h2>\n<h4>Reuni\u00f3n en la sede\/Febrero 2018<\/h4>\n<p>Veo a Toni y a Jos\u00e9, poco despu\u00e9s entra el polic\u00eda de barrio. Falta un mes para las Fallas y se trata c\u00f3mo evitar el colapso del a\u00f1o pasado en algunos puntos y de gestionar los flujos en las calles. Adem\u00e1s, existen Fallas que abusan de las Carpas, etc, lo que ya fue denunciado por Amics y la propia polic\u00eda en su momento. Toni cuenta c\u00f3mo le fue la reuni\u00f3n con Pere Fuset, el concejal de Cultura Festiva.<\/p>\n<p><img loading=\"lazy\" decoding=\"async\" class=\"alignleft wp-image-1201\" src=\"http:\/\/amicsdelcarme.com\/wp-content\/uploads\/2018\/04\/7..jpg\" alt=\"\" width=\"330\" height=\"186\" srcset=\"https:\/\/amicsdelcarme.com\/wp-content\/uploads\/2018\/04\/7..jpg 712w, https:\/\/amicsdelcarme.com\/wp-content\/uploads\/2018\/04\/7.-300x169.jpg 300w\" sizes=\"auto, (max-width: 330px) 100vw, 330px\" \/>Cuando el polic\u00eda dice por cuarta vez que ha sido fallero por muchos a\u00f1os, me pregunto si intenta intermediar entre&nbsp;tradici\u00f3n y orden, denuncia y fiesta.<\/p>\n<p>Poco despu\u00e9s entran tres amics m\u00e1s y el vecino P, ahora somos 8.<\/p>\n<p>La mesa desprende burocracia; se est\u00e1 comprobando el permiso de un museo sobre su cartel colgado y debatiendo sobre una helader\u00eda (antes pizzer\u00eda) que no tiene horario.<\/p>\n<blockquote><p><em>Permiso de un a\u00f1o. <\/em><\/p>\n<p><em>Ocupaci\u00f3n de dominio p\u00fablico, \u00bfqui\u00e9n lleva el tema? <\/em><\/p>\n<p>\u00bf<em>Patrimonio?<\/em><\/p>\n<p><em>\u00a1Galiana!<\/em><\/p>\n<p><em>\u00bfCrees que se le pueden pedir explicaciones? <\/em><\/p><\/blockquote>\n<p>Jos\u00e9 parece preocupado por la helader\u00eda\/antigua pizzer\u00eda sin horario. Pide que se solicite la inspecci\u00f3n del local.<\/p>\n<blockquote><p><em>\u00bfPuede ser? (Jos\u00e9)<\/em><\/p>\n<p><em>Claro, por supuesto. Si hay molestias podemos hacer comprobaciones. Pero tampoco podemos denunciar todos los d\u00edas, es acoso. (Polic\u00eda)<\/em><\/p>\n<p><em>\u00a1Ah! Pero abusar la ley todos los d\u00edas [\u2026] (J.)<\/em><\/p>\n<p><em>\u00c9l tiene sus abogados y sabe hasta donde puede llegar. Nosotros sabemos hasta donde podemos llegar. (P.)<\/em><\/p><\/blockquote>\n<p><em><img loading=\"lazy\" decoding=\"async\" class=\"wp-image-1203 alignleft\" src=\"http:\/\/amicsdelcarme.com\/wp-content\/uploads\/2018\/04\/7.2.jpg\" alt=\"\" width=\"379\" height=\"213\" srcset=\"https:\/\/amicsdelcarme.com\/wp-content\/uploads\/2018\/04\/7.2.jpg 755w, https:\/\/amicsdelcarme.com\/wp-content\/uploads\/2018\/04\/7.2-300x169.jpg 300w\" sizes=\"auto, (max-width: 379px) 100vw, 379px\" \/><\/em>A continuaci\u00f3n, nos cuenta como un compa\u00f1ero suyo hab\u00eda sido denunciado por haber denunciado reiteradamente a un hombre que hab\u00eda aparcado en doble fila. Miradas extra\u00f1adas.<\/p>\n<p><em>Mientras escucho y apunto pienso que se nota la experiencia de Amics. Su manera de proceder es h\u00e1bil, eficiente. Entender de d\u00f3nde viene el documento, qui\u00e9n maneja el tema, si se tiene relaciones con esa persona por otros temas. Luego verificar los documentos, compar\u00e1ndolos con otros ejemplares en Internet. <\/em><\/p>\n<p><em>Una unidad con fines comunes. A la vez me da la sensaci\u00f3n de estar en un espacio con relaciones subyacentes, micropol\u00edticas. Algunos hablan m\u00e1s, algunos prefieren mirar. A algunos les prestamos un poco m\u00e1s de atenci\u00f3n. Se hacen notar peque\u00f1as diferencias. Todo es pol\u00edtico, hasta la mirada.<\/em><\/p>\n<p><em>\u201c\u00bfNos vamos?\u201d<\/em><\/p>\n<p>Asiento con la cabeza.<\/p>\n<p>&nbsp;<\/p>\n","protected":false},"excerpt":{"rendered":"<p>La mesa desprende burocracia; se est\u00e1 comprobando el permiso de un museo sobre su cartel colgado y debatiendo sobre una helader\u00eda (antes pizzer\u00eda) que no tiene horario.<\/p>\n<p>Permiso de un a\u00f1o.<br \/>\nOcupaci\u00f3n de dominio p\u00fablico, \u00bfqui\u00e9n lleva el tema?<br \/>\n\u00bfPatrimonio?<br \/>\n\u00a1Galiana!<br \/>\n\u00bfCrees que se le pueden pedir explicaciones?<\/p>\n","protected":false},"author":1,"featured_media":0,"comment_status":"closed","ping_status":"open","sticky":false,"template":"","format":"minientrada","meta":{"_acf_changed":false,"footnotes":""},"categories":[61],"tags":[],"class_list":["post-1200","post","type-post","status-publish","format-minientrada","hentry","category-entrada-de-diari","post_format-minientrada"],"acf":[],"_links":{"self":[{"href":"https:\/\/amicsdelcarme.com\/es\/wp-json\/wp\/v2\/posts\/1200","targetHints":{"allow":["GET"]}}],"collection":[{"href":"https:\/\/amicsdelcarme.com\/es\/wp-json\/wp\/v2\/posts"}],"about":[{"href":"https:\/\/amicsdelcarme.com\/es\/wp-json\/wp\/v2\/types\/post"}],"author":[{"embeddable":true,"href":"https:\/\/amicsdelcarme.com\/es\/wp-json\/wp\/v2\/users\/1"}],"replies":[{"embeddable":true,"href":"https:\/\/amicsdelcarme.com\/es\/wp-json\/wp\/v2\/comments?post=1200"}],"version-history":[{"count":5,"href":"https:\/\/amicsdelcarme.com\/es\/wp-json\/wp\/v2\/posts\/1200\/revisions"}],"predecessor-version":[{"id":1624,"href":"https:\/\/amicsdelcarme.com\/es\/wp-json\/wp\/v2\/posts\/1200\/revisions\/1624"}],"wp:attachment":[{"href":"https:\/\/amicsdelcarme.com\/es\/wp-json\/wp\/v2\/media?parent=1200"}],"wp:term":[{"taxonomy":"category","embeddable":true,"href":"https:\/\/amicsdelcarme.com\/es\/wp-json\/wp\/v2\/categories?post=1200"},{"taxonomy":"post_tag","embeddable":true,"href":"https:\/\/amicsdelcarme.com\/es\/wp-json\/wp\/v2\/tags?post=1200"}],"curies":[{"name":"wp","href":"https:\/\/api.w.org\/{rel}","templated":true}]}}