{"id":1196,"date":"2018-01-27T10:54:33","date_gmt":"2018-01-27T10:54:33","guid":{"rendered":"http:\/\/amicsdelcarme.com\/?p=1196"},"modified":"2018-06-22T10:06:12","modified_gmt":"2018-06-22T10:06:12","slug":"diario-vi-queremos-poner-soluciones","status":"publish","type":"post","link":"https:\/\/amicsdelcarme.com\/es\/diario-vi-queremos-poner-soluciones\/","title":{"rendered":"Diario VI &#8211; Queremos poner soluciones."},"content":{"rendered":"<h2>Queremos poner soluciones.<\/h2>\n<h4>Comparecencia ante Les Corts Valencianes\/Enero 2018<\/h4>\n<p>Este martes a las 17.50 nos hemos reunido en les Corts Valencianes para escuchar y apoyar a Mar\u00eda Jos\u00e9 Broseta, Presidenta de la Federaci\u00f3 d\u2019Associacions de Ve\u00efns de Val\u00e8ncia. Presenta las propuestas de los residentes relacionadas con la nueva Ley de Turismo, Ocio y Hospitalidad. Practicamente es la \u00fanica representante del movimiento vecinal a la que se le ha permitido comparecer.<\/p>\n<p><img loading=\"lazy\" decoding=\"async\" width=\"350\" height=\"196\" class=\"wp-image-1197 alignleft\" alt=\"\" src=\"http:\/\/amicsdelcarme.com\/wp-content\/uploads\/2018\/04\/6..jpg\" srcset=\"https:\/\/amicsdelcarme.com\/wp-content\/uploads\/2018\/04\/6..jpg 740w, https:\/\/amicsdelcarme.com\/wp-content\/uploads\/2018\/04\/6.-300x168.jpg 300w\" sizes=\"auto, (max-width: 350px) 100vw, 350px\" \/>Somos unas 20 personas que estamos all\u00ed, 5 o 6 como p\u00fablico y los dem\u00e1s son diputados\/as. Broseta parece un poco nerviosa, la voz tiembla m\u00ednimamente.<\/p>\n<p>Desde nuestra posici\u00f3n podemos ver la luz roja que parpadea y que cuenta el tiempo que est\u00e1 hablando. Algunos de los diputados la miran atentamente, el resto est\u00e1 con el m\u00f3vil, lee los mensajes del Whatsapp en su port\u00e1til o navega por Internet.<\/p>\n<blockquote><p><em>\u201c[\u2026] Se propone el desarrollo de una regulaci\u00f3n espec\u00edfica que contemple la zonificaci\u00f3n de estas actividades tur\u00edsticas y de alojamiento, con el objetivo de evitar la saturaci\u00f3n de zonas tur\u00edsticas en detrimento de la calidad de vida de los vecinos y del medio ambiente [\u2026]\u201d&nbsp;<\/em><\/p><\/blockquote>\n<p>La zonificaci\u00f3n y declaraci\u00f3n de zonas tur\u00edsticamente saturadas me parece una de las medidas m\u00e1s importantes y eficaces. A trav\u00e9s de esta herramienta se tendr\u00eda la posibilidad de proteger zonas concretas y reducir la presi\u00f3n antr\u00f3pica sin intervenir en la actividad en total. Existe el concepto de la capacidad de carga tur\u00edstica que recoge la capacidad de un destino de acoger a turistas. El t\u00e9rmino se ha trasformado a lo largo de los a\u00f1os pero su objetivo es el mismo: Seguir satisfaciendo a los turistas sin perjudicar la calidad de vida de los residentes. Gran parte del sector tur\u00edstico est\u00e1 convencido de que Valencia no ha superado su capacidad de carga, ni que est\u00e9 cerca de hacerlo. Es un tema que genera mucho debate. Aun as\u00ed no se puede negar que la llegada de turistas sigue aumentando.<\/p>\n<p>Es por eso que me pregunto: \u00bfTienen que producirse escenas como las de Madrid y Barcelona para que se tomen medidas protectoras?<\/p>\n<p>En este momento Toni y Broseta se miran y Toni asiente con la cabeza.<\/p>\n<p><img loading=\"lazy\" decoding=\"async\" width=\"350\" height=\"197\" class=\"wp-image-1198 alignleft\" alt=\"\" src=\"http:\/\/amicsdelcarme.com\/wp-content\/uploads\/2018\/04\/6.1.jpg\" srcset=\"https:\/\/amicsdelcarme.com\/wp-content\/uploads\/2018\/04\/6.1.jpg 736w, https:\/\/amicsdelcarme.com\/wp-content\/uploads\/2018\/04\/6.1-300x169.jpg 300w\" sizes=\"auto, (max-width: 350px) 100vw, 350px\" \/>Al acabar, los diputados sentados en la primera fila le dan feedback. Algunos dicen que se tendr\u00eda que intentar a equilibrar los impactos de la actividad tur\u00edstica, que no tiene s\u00f3lo consecuencias negativas sino que atrae tambi\u00e9n a inversores.<\/p>\n<p>Seg\u00fan una diputada de Compromis, declarar una zona como tur\u00edsticamente saturada ir\u00eda en contra de la hospitalidad de la nueva ley. Otro diputado, PSOE, dice que no se puede comparar la ciudad de Valencia con las Baleares y Canarias ya que se trata de islas.<\/p>\n<p>Cuando el diputado del PP pregunta si la Federaci\u00f3n de Asociaciones de Vecinos se ha reunido con los responsables de la pol\u00edtica tur\u00edstica y si se les ha hecho caso, Mar\u00eda Jos\u00e9 nos mira y sonr\u00ede, si fuera as\u00ed no estar\u00edamos hoy aqu\u00ed defendiendo estas propuestas.<\/p>\n<blockquote><p><em>\u201cNosotros no queremos ninguna ZAS. No la queremos pero queremos soluciones. [\u2026]Estamos en contacto con personas de otras asociaciones que tienen los mismos problemas. [\u2026] Claro que no nos podemos comparar con Palma, pero aqu\u00ed en la zona de costa o en zonas de interior tenemos aut\u00e9nticos problemas con los apartamentos tur\u00edsticos en zonas residenciales.\u201d <\/em><\/p><\/blockquote>\n<p>Son las palabras de Broseta con las que se acaba la reuni\u00f3n.<\/p>\n","protected":false},"excerpt":{"rendered":"<p>Cuando el diputado del PP pregunta si la Federaci\u00f3n de Asociacines de Vecinos se ha reunido con responsables de la pol\u00edtica tur\u00edstica y si se les ha hecho caso, Mar\u00eda Jos\u00e9 Broseta nos mira y sonr\u00ede, si fuera as\u00ed no estar\u00edamos hoy aqu\u00ed defendiendo estas propuestas. <\/p>\n<p>\u201cNosotros no queremos ninguna ZAS. No la queremos pero queremos soluciones. [\u2026]<\/p>\n","protected":false},"author":1,"featured_media":0,"comment_status":"closed","ping_status":"open","sticky":false,"template":"","format":"minientrada","meta":{"_acf_changed":false,"footnotes":""},"categories":[61],"tags":[],"class_list":["post-1196","post","type-post","status-publish","format-minientrada","hentry","category-entrada-de-diari","post_format-minientrada"],"acf":[],"_links":{"self":[{"href":"https:\/\/amicsdelcarme.com\/es\/wp-json\/wp\/v2\/posts\/1196","targetHints":{"allow":["GET"]}}],"collection":[{"href":"https:\/\/amicsdelcarme.com\/es\/wp-json\/wp\/v2\/posts"}],"about":[{"href":"https:\/\/amicsdelcarme.com\/es\/wp-json\/wp\/v2\/types\/post"}],"author":[{"embeddable":true,"href":"https:\/\/amicsdelcarme.com\/es\/wp-json\/wp\/v2\/users\/1"}],"replies":[{"embeddable":true,"href":"https:\/\/amicsdelcarme.com\/es\/wp-json\/wp\/v2\/comments?post=1196"}],"version-history":[{"count":5,"href":"https:\/\/amicsdelcarme.com\/es\/wp-json\/wp\/v2\/posts\/1196\/revisions"}],"predecessor-version":[{"id":1601,"href":"https:\/\/amicsdelcarme.com\/es\/wp-json\/wp\/v2\/posts\/1196\/revisions\/1601"}],"wp:attachment":[{"href":"https:\/\/amicsdelcarme.com\/es\/wp-json\/wp\/v2\/media?parent=1196"}],"wp:term":[{"taxonomy":"category","embeddable":true,"href":"https:\/\/amicsdelcarme.com\/es\/wp-json\/wp\/v2\/categories?post=1196"},{"taxonomy":"post_tag","embeddable":true,"href":"https:\/\/amicsdelcarme.com\/es\/wp-json\/wp\/v2\/tags?post=1196"}],"curies":[{"name":"wp","href":"https:\/\/api.w.org\/{rel}","templated":true}]}}