{"id":1182,"date":"2017-11-27T10:36:07","date_gmt":"2017-11-27T10:36:07","guid":{"rendered":"http:\/\/amicsdelcarme.com\/?p=1182"},"modified":"2018-06-22T10:06:11","modified_gmt":"2018-06-22T10:06:11","slug":"diario-iv-los-vecinos-no-somos-rentables","status":"publish","type":"post","link":"https:\/\/amicsdelcarme.com\/es\/diario-iv-los-vecinos-no-somos-rentables\/","title":{"rendered":"Diario IV &#8211; Los vecinos no somos rentables."},"content":{"rendered":"<h2>Los vecinos no somos rentables.<\/h2>\n<h4>Reuni\u00f3n en la sede de Amics\/Noviembre 2017<\/h4>\n<p>Estamos en noviembre y poco a poco est\u00e1 llegando el invierno a la ciudad de Valencia. Un lunes a las 7 ya est\u00e1 oscureciendo y las calles est\u00e1n vac\u00edas.<\/p>\n<p>Entro en la sede y poco despu\u00e9s entra tambi\u00e9n un grupo de estudiantes del tercer grado de turismo de la Universidad de Valencia. Quieren informarse sobre la historia y las actividades de Amics del Carme.<\/p>\n<p><em>Llu\u00eds\u201c\u00bfHab\u00e9is mirado la<\/em><img loading=\"lazy\" decoding=\"async\" class=\"wp-image-1183 alignleft\" src=\"http:\/\/amicsdelcarme.com\/wp-content\/uploads\/2018\/04\/4..jpg\" alt=\"\" width=\"311\" height=\"234\" srcset=\"https:\/\/amicsdelcarme.com\/wp-content\/uploads\/2018\/04\/4..jpg 675w, https:\/\/amicsdelcarme.com\/wp-content\/uploads\/2018\/04\/4.-300x225.jpg 300w\" sizes=\"auto, (max-width: 311px) 100vw, 311px\" \/><em>&nbsp;p\u00e1gina web?\u201d Estudiantes. \u201cNo, es que [\u2026]\u201d <\/em>Silencio acompa\u00f1ado de una mirada cr\u00edtica.<\/p>\n<p>Preguntan, entre otras cosas, por los objetivos de la asociaci\u00f3n, por los problemas del barrio y por su evoluci\u00f3n.<\/p>\n<blockquote><p><em>Llu\u00eds \u201cQueremos defender el car\u00e1cter residencial del barrio. Los principales problemas son los solares, el ruido, la suciedad, la sobreexplotaci\u00f3n de la v\u00eda p\u00fablica [\u2026]. El Ayuntamiento debe cumplir con sus propias normas.\u201d<\/em><\/p><\/blockquote>\n<p>Los estudiantes siguen con la lista de preguntas que han preparado.<\/p>\n<p><em>Toni. \u201cEn el Carmen hay 14 Fallas que tienen m\u00e1s de 100 a\u00f1os. Aqu\u00ed naci\u00f3 Valencia y siempre hab\u00eda un gran sentimiento de pertenencia. Hoy en d\u00eda, los vecinos no se sienten protegidos, no est\u00e1n c\u00f3modos en el barrio.\u201d<\/em><\/p>\n<p><em>Jos\u00e9. \u201c<strong>El turismo no es una actividad neutral<\/strong>. Cambia el entorno. Los turistas son los protagonistas de ese espect\u00e1culo y vienen a verse a si mismos.\u201d <\/em>No estoy segura de haber entendido bien a Jos\u00e9. Conozco a gente que est\u00e1 en b\u00fasqueda de lugares donde no se puede encontrar con muchos turistas para poder \u2018vivir la experiencia aut\u00e9ntica\u2019.&nbsp; Miro a los estudiantes. Parecen un poco confundidos.<em>\u201c\u00bfY qu\u00e9 se puede hacer contra el turismo de masas?\u201d<\/em><\/p>\n<p>Jos\u00e9 alza m\u00ednimamente la voz.<\/p>\n<blockquote><p><em>Hay preguntas que ofenden.<\/em><em>&nbsp;Es ir\u00f3nico que estudiantes de Turismo nos pregunten por lo que se puede hacer. Ten\u00e9is que planificar el turismo de una manera verdaderamente sostenible [\u2026]<\/em><\/p><\/blockquote>\n<p>El grupo asiente con la cabeza.<\/p>\n<p>A continua<img loading=\"lazy\" decoding=\"async\" class=\"alignleft wp-image-1185\" src=\"http:\/\/amicsdelcarme.com\/wp-content\/uploads\/2018\/04\/carrer-de-dalt.jpg\" alt=\"\" width=\"204\" height=\"272\" srcset=\"https:\/\/amicsdelcarme.com\/wp-content\/uploads\/2018\/04\/carrer-de-dalt.jpg 3240w, https:\/\/amicsdelcarme.com\/wp-content\/uploads\/2018\/04\/carrer-de-dalt-225x300.jpg 225w, https:\/\/amicsdelcarme.com\/wp-content\/uploads\/2018\/04\/carrer-de-dalt-768x1024.jpg 768w\" sizes=\"auto, (max-width: 204px) 100vw, 204px\" \/>ci\u00f3n, Llu\u00eds explica que lo que hace Amics del Carme es \u201c<em>interpretar lo que dicen y sienten los vecinos, darle forma, canalizarlo\u201d, <\/em>y que lo deseable ser\u00eda que desde el Ayuntamiento <em>\u201cnos escucharan y dieran soluciones. Nos gustar\u00eda tener m\u00e1s poder contractual.\u201d<\/em><\/p>\n<p>Mientras los escucho, me pregunto qu\u00e9 es lo que opinan mis compa\u00f1eros y compa\u00f1eras de carrera de todo eso. Yo me quedo impresionada cuando oigo que \u201c<em><strong>esto se va a convertir en un decorado<\/strong>.\u201d, o <\/em>que <em>\u201clos turistas desnaturalizan el objetivo que est\u00e1n mirando<\/em>\u201d<\/p>\n<p>Les miro escuchar, les oigo preguntar y escucho sus opiniones. A la vez me pregunto si me gustar\u00eda que estuvieran m\u00e1s conmovidos, m\u00e1s entusiasmados, simplemente m\u00e1s.<\/p>\n<p>Cuando Toni dice <em><strong>\u201c<\/strong><strong>Los vecinos no somos rentables.\u201d<\/strong>, <\/em>me parece un resumen del discurso, el origen de los problemas del barrio y el problema de c\u00f3mo se plantea el turismo en muchos lugares.<\/p>\n","protected":false},"excerpt":{"rendered":"<p>\u201cHay preguntas que ofenden.\u00a0Es ir\u00f3nico que estudiantes de Turismo nos pregunten por lo que se puede hacer.<br \/>\nTen\u00e9is que planificar el turismo de una manera verdaderamente sostenible [\u2026]\u201d<\/p>\n<p>El grupo asiente con la cabeza.<\/p>\n","protected":false},"author":1,"featured_media":0,"comment_status":"closed","ping_status":"open","sticky":false,"template":"","format":"minientrada","meta":{"_acf_changed":false,"footnotes":""},"categories":[61],"tags":[],"class_list":["post-1182","post","type-post","status-publish","format-minientrada","hentry","category-entrada-de-diari","post_format-minientrada"],"acf":[],"_links":{"self":[{"href":"https:\/\/amicsdelcarme.com\/es\/wp-json\/wp\/v2\/posts\/1182","targetHints":{"allow":["GET"]}}],"collection":[{"href":"https:\/\/amicsdelcarme.com\/es\/wp-json\/wp\/v2\/posts"}],"about":[{"href":"https:\/\/amicsdelcarme.com\/es\/wp-json\/wp\/v2\/types\/post"}],"author":[{"embeddable":true,"href":"https:\/\/amicsdelcarme.com\/es\/wp-json\/wp\/v2\/users\/1"}],"replies":[{"embeddable":true,"href":"https:\/\/amicsdelcarme.com\/es\/wp-json\/wp\/v2\/comments?post=1182"}],"version-history":[{"count":5,"href":"https:\/\/amicsdelcarme.com\/es\/wp-json\/wp\/v2\/posts\/1182\/revisions"}],"predecessor-version":[{"id":1638,"href":"https:\/\/amicsdelcarme.com\/es\/wp-json\/wp\/v2\/posts\/1182\/revisions\/1638"}],"wp:attachment":[{"href":"https:\/\/amicsdelcarme.com\/es\/wp-json\/wp\/v2\/media?parent=1182"}],"wp:term":[{"taxonomy":"category","embeddable":true,"href":"https:\/\/amicsdelcarme.com\/es\/wp-json\/wp\/v2\/categories?post=1182"},{"taxonomy":"post_tag","embeddable":true,"href":"https:\/\/amicsdelcarme.com\/es\/wp-json\/wp\/v2\/tags?post=1182"}],"curies":[{"name":"wp","href":"https:\/\/api.w.org\/{rel}","templated":true}]}}