{"id":1177,"date":"2017-11-27T10:07:38","date_gmt":"2017-11-27T10:07:38","guid":{"rendered":"http:\/\/amicsdelcarme.com\/?p=1177"},"modified":"2018-06-22T10:06:11","modified_gmt":"2018-06-22T10:06:11","slug":"diario-iii-y-quien-eres-tu","status":"publish","type":"post","link":"https:\/\/amicsdelcarme.com\/es\/diario-iii-y-quien-eres-tu\/","title":{"rendered":"Diario III &#8211; \u00bfY qui\u00e9n eres t\u00fa?"},"content":{"rendered":"<h2>\u00bfY qui\u00e9n eres t\u00fa?<\/h2>\n<h4>Asamblea de vecinas y vecinos\/Noviembre 2017<\/h4>\n<p>Entro en la sala y veo a aproximadamente 50 vecinas y vecinos sentados alrededor de una mesa grande. Estamos en el Colegio Mayor Rector Peset. La asamblea empieza con un resumen de Toni sobre los \u00faltimos acontecimientos de la asociaci\u00f3n y del barrio y las gestiones llevadas a cabo. Entre otras cosas, resalta la mayor colaboraci\u00f3n entre las asociaciones de vecinos, comenta la campa\u00f1a del Andami Indultat con la colocaci\u00f3n de pancartas, y la mesa redonda organizada en el Ateneo bajo el lema \u201c<em><strong>ruidos que matan la ciudad<\/strong>\u00ab. <\/em>Sobre el Ayuntamiento, valora que parece que <em>\u201ccambian el discurso aunque los hechos todav\u00eda no cambian<\/em>\u201d.<\/p>\n<p>Mientras estoy ojeando el ambiente, mi mirada se cruza con la de una mujer. Se le ve muy concentrada y sus ojos reflejan curiosidad y cuidado. Parece muy inteligente.<\/p>\n<p>\u201c<em>La polic\u00eda local dice que somos demasiado cr\u00edticos. La nueva ley de turismo no menciona ni con una palabra los apartamentos tur\u00edsticos ni el gran impacto que tiene sobre la vida de los residentes en Ciutat Vella. Le pedimos reuniones a los pol\u00edticos pero no quieren<\/em>\u201d sigue diciendo Toni.<\/p>\n<p>\u201c<em>La participaci\u00f3n ciudadana es un fen\u00f3meno bastante desconocido. La gente se hunde en la miseria.\u201d,<\/em> se le oye decir a una vecina mayor. Su discurso es en\u00e9rgico y en la sala se la escucha con atenci\u00f3n.<img loading=\"lazy\" decoding=\"async\" class=\"wp-image-1178 alignright\" src=\"http:\/\/amicsdelcarme.com\/wp-content\/uploads\/2018\/04\/3..jpg\" alt=\"\" width=\"312\" height=\"234\" srcset=\"https:\/\/amicsdelcarme.com\/wp-content\/uploads\/2018\/04\/3..jpg 658w, https:\/\/amicsdelcarme.com\/wp-content\/uploads\/2018\/04\/3.-300x225.jpg 300w\" sizes=\"auto, (max-width: 312px) 100vw, 312px\" \/><\/p>\n<p>Cuando se menciona el tema de la movilidad en el barrio, se alzan m\u00e1s voces. \u201c<em>Los grupos de turistas van en masa por lo que no se puede&nbsp;<\/em><em>pasar<\/em>.\u201d, \u2018La calle <em>Quart es la vuelta al infinito<\/em>.\u201d, y \u201c<strong><em>Han conseguido que estemos todos enfadados con los turistas<\/em><\/strong>.\u201d, son unas de las opiniones que se expresan.<\/p>\n<p>Un se\u00f1or mayor que acudi\u00f3 hace tres semanas a la sede dels Amics pregunta: \u201c\u00bf<em>Ser\u00e1n capaces los pol\u00edticos de solucionar el problema de las bicis? No son capaces.\u201d<\/em> La \u00faltima vez que le vi al vecino parec\u00eda tranquilo y de buen humor. Hoy se le ve m\u00e1s alterado, m\u00e1s indignado.<\/p>\n<p>Un hombre que est\u00e1 sentado a mi derecha quiere hablar. Va vestido con un traje azul y se est\u00e1 liando un cigarrillo. Desde su punto de vista \u201c<em>los pol\u00edticos hacen lo que pueden.<\/em>\u201d Al decirlo, varias cabezas se giran y le miran. <em><strong>\u201c\u00bfY qui\u00e9n eres t\u00fa?\u201d<\/strong><\/em> La tensi\u00f3n aumenta y se crea un murmullo entre los participantes de la mesa. Cuando una vecina dice que ten\u00eda una reuni\u00f3n con la polic\u00eda por la ma\u00f1ana en la que le han dicho que tienen la orden de ser laxos con los turistas, varias personas empiezan a alzar la voz. \u00ab<em>A respetar el orden de hablar<\/em>\u00bb &#8211; Llu\u00eds intenta tranquilizar a la gente.<\/p>\n<p>Mientras escucho a los vecinos me viene a la cabeza haber leido por alg\u00fan sitio que el turismo tiene como objetivo la mejora de la calidad de vida de los residentes, en teor\u00eda. Desafortunadamente <img loading=\"lazy\" decoding=\"async\" class=\"alignleft wp-image-1179\" src=\"http:\/\/amicsdelcarme.com\/wp-content\/uploads\/2018\/04\/3.1.jpg\" alt=\"\" width=\"300\" height=\"225\" srcset=\"https:\/\/amicsdelcarme.com\/wp-content\/uploads\/2018\/04\/3.1.jpg 659w, https:\/\/amicsdelcarme.com\/wp-content\/uploads\/2018\/04\/3.1-300x225.jpg 300w\" sizes=\"auto, (max-width: 300px) 100vw, 300px\" \/>me parece una referencia ret\u00f3rica, pues las personas que est\u00e1n hoy en esta sala tienen la sensaci\u00f3n de estar afectadas y limitadas por la actividad tur\u00edstica.<\/p>\n<p>Al concluir, Maite cita a Roosevelt diciendo que <em>\u00abahora que se sabe lo que se quiere habr\u00e1 que ir a por ello\u00bb<\/em>. Algunos que est\u00e1n de acuerdo empiezan a vocear. <em>\u00ab\u00a1Deber\u00edamos ir una tarde a ocupar las mesas de un bar y pedirnos s\u00f3lo un caf\u00e9 en toda la tarde!<\/em>\u00bb La propuesta del hombre del traje azul tiene resonancia entre els Amics. El ambiente se calienta. \u00ab<em>No queremos que Valencia se convierta en guirilandia.\u00bb<\/em> O <em>\u00abValencia no es una plataforma para negocios multinacionales.<\/em>\u00ab, son algunas de las frases que me acompa\u00f1an al salir de la asamblea.<\/p>\n","protected":false},"excerpt":{"rendered":"<p>\u201c\u00bfY qui\u00e9n eres t\u00fa?\u201d La tensi\u00f3n aumenta y se crea un murmullo entre los participantes de la mesa. <\/p>\n<p>Cuando una vecina dice que ten\u00eda una reuni\u00f3n con la polic\u00eda por la ma\u00f1ana en la que le han dicho que tienen la orden de ser laxos con los turistas, varias personas empiezan a alzar la voz. \u00abA respetar el orden de hablar\u00bb &#8211; Llu\u00eds intenta tranquilizar a la gente.<\/p>\n","protected":false},"author":1,"featured_media":0,"comment_status":"closed","ping_status":"open","sticky":false,"template":"","format":"minientrada","meta":{"_acf_changed":false,"footnotes":""},"categories":[61],"tags":[],"class_list":["post-1177","post","type-post","status-publish","format-minientrada","hentry","category-entrada-de-diari","post_format-minientrada"],"acf":[],"_links":{"self":[{"href":"https:\/\/amicsdelcarme.com\/es\/wp-json\/wp\/v2\/posts\/1177","targetHints":{"allow":["GET"]}}],"collection":[{"href":"https:\/\/amicsdelcarme.com\/es\/wp-json\/wp\/v2\/posts"}],"about":[{"href":"https:\/\/amicsdelcarme.com\/es\/wp-json\/wp\/v2\/types\/post"}],"author":[{"embeddable":true,"href":"https:\/\/amicsdelcarme.com\/es\/wp-json\/wp\/v2\/users\/1"}],"replies":[{"embeddable":true,"href":"https:\/\/amicsdelcarme.com\/es\/wp-json\/wp\/v2\/comments?post=1177"}],"version-history":[{"count":5,"href":"https:\/\/amicsdelcarme.com\/es\/wp-json\/wp\/v2\/posts\/1177\/revisions"}],"predecessor-version":[{"id":1621,"href":"https:\/\/amicsdelcarme.com\/es\/wp-json\/wp\/v2\/posts\/1177\/revisions\/1621"}],"wp:attachment":[{"href":"https:\/\/amicsdelcarme.com\/es\/wp-json\/wp\/v2\/media?parent=1177"}],"wp:term":[{"taxonomy":"category","embeddable":true,"href":"https:\/\/amicsdelcarme.com\/es\/wp-json\/wp\/v2\/categories?post=1177"},{"taxonomy":"post_tag","embeddable":true,"href":"https:\/\/amicsdelcarme.com\/es\/wp-json\/wp\/v2\/tags?post=1177"}],"curies":[{"name":"wp","href":"https:\/\/api.w.org\/{rel}","templated":true}]}}