{"id":1170,"date":"2017-11-27T09:55:30","date_gmt":"2017-11-27T09:55:30","guid":{"rendered":"http:\/\/amicsdelcarme.com\/?p=1170"},"modified":"2018-06-22T10:06:11","modified_gmt":"2018-06-22T10:06:11","slug":"diario-ii-la-gente-esta-que-trina","status":"publish","type":"post","link":"https:\/\/amicsdelcarme.com\/es\/diario-ii-la-gente-esta-que-trina\/","title":{"rendered":"Diario II &#8211; \u00a1La gente est\u00e1 que trina!"},"content":{"rendered":"<h2>\u00a1La gente est\u00e1 que trina!<\/h2>\n<h4>Reuni\u00f3n en la sede de Amics\/Noviembre 2017<\/h4>\n<p>Mientras estoy de camino a la sede de la asociaci\u00f3n pienso que hoy el barrio se le ve relativamente tranquilo . Lo m\u00e1s llamativo de momento es una alcachofa grande que se ha montado en la plaza del Carmen.<\/p>\n<p><img loading=\"lazy\" decoding=\"async\" class=\"alignleft wp-image-1172\" src=\"http:\/\/amicsdelcarme.com\/wp-content\/uploads\/2018\/04\/2.2-e1524822670442.jpg\" alt=\"\" width=\"233\" height=\"311\" srcset=\"https:\/\/amicsdelcarme.com\/wp-content\/uploads\/2018\/04\/2.2-e1524822670442.jpg 465w, https:\/\/amicsdelcarme.com\/wp-content\/uploads\/2018\/04\/2.2-e1524822670442-225x300.jpg 225w\" sizes=\"auto, (max-width: 233px) 100vw, 233px\" \/>En poco tiempo, la sede se llena con la presencia de varias personas. Llegan Toni, Elena, dos vecinos mayores del barrio que acudieron tambi\u00e9n hace dos semanas, y un polic\u00eda. El tema de conversaci\u00f3n es el Plan de Movilidad Urbana Sostenible (PMUS) que se ha puesto en marcha para afrontar la presencia de los coches en Ciutat Vella.<\/p>\n<p>Polic\u00eda. \u201c<em>La gente est\u00e1 desorientada y la gente est\u00e1 caliente. No entiende que [en unos casos] se trata de una diferencia de 20 metros.<\/em>\u201d<\/p>\n<p>Jos\u00e9. \u201c<em>La gente lo perci<\/em><em>be como un castigo. Si les cortas el paso a los vecinos del barrio les cabrea.\u201d<\/em><\/p>\n<p>Cuando se menciona el tema de las terrazas, una vecina que acaba de llegar se levanta, saca su m\u00f3vil y le muestra fotos al polic\u00eda. \u2018<em>Es que no hay derecho. El caf\u00e9 no ha abierto a\u00fan y ya tiene las mesas en la calle.<\/em>\u2019 Despu\u00e9s muestra un v\u00eddeo de una escena desde arriba de su casa en la que se ve cinco m\u00fasicos de una banda.<\/p>\n<blockquote><p><em>Tres horas de cu<\/em><em>erda. Hay un bajo, una trompeta [\u2026]. T\u00fa no tienes derecho, ellos tienen derecho a todo. Tengo los nervios destrozados. Si estoy leyendo, dejo el libro. Me pongo nerviosa. Llevo 15 d\u00edas que ya no puedo dormir. He llamado a la polic\u00eda y me dice que ellos tienen permiso.<\/em><\/p><\/blockquote>\n<p>Aprieta fuerte su m\u00f3vil y su mano est\u00e1 temblando. Me pregunto lo que significa el m\u00f3vil para ella. Lo saca, muestra las fotos, los v\u00eddeos, comparte escenas de su vida diaria a trav\u00e9s de \u00e9l. Este m\u00f3vil es como un testigo que graba, en parte, la causa de su malestar. Est\u00e1 ah\u00ed y vive lo que viven los dos vecinos.<\/p>\n<p><img loading=\"lazy\" decoding=\"async\" class=\"wp-image-1171 alignleft\" src=\"http:\/\/amicsdelcarme.com\/wp-content\/uploads\/2018\/04\/2..jpg\" alt=\"\" width=\"312\" height=\"234\" srcset=\"https:\/\/amicsdelcarme.com\/wp-content\/uploads\/2018\/04\/2..jpg 825w, https:\/\/amicsdelcarme.com\/wp-content\/uploads\/2018\/04\/2.-300x225.jpg 300w, https:\/\/amicsdelcarme.com\/wp-content\/uploads\/2018\/04\/2.-768x575.jpg 768w\" sizes=\"auto, (max-width: 312px) 100vw, 312px\" \/>Cuando nos muestra todo eso, en cierto modo, piensa que el m\u00f3vil tiene m\u00e1s alcance o m\u00e1s voz o puede causar reacciones m\u00e1s fuertes demostrando lo que est\u00e1 pasando.<\/p>\n<p>Despu\u00e9s, se aborda el tema de las bicicletas que se alquila a los turistas y de que estos \u00faltimos \u201c<em>van por donde quieren porque nadie les ha dicho por donde tienen que ir\u201d <\/em>y de los taxis que paran donde les parece bien. En Amics piensan que es necesario desarrollar una normativa para las bicis o un protocolo de actuaci\u00f3n.<\/p>\n<p>Antes de salir de la sede se dice de organizar la asamblea de vecinos el d\u00eda 11 de noviembre porque <em><strong>\u2018la gente est\u00e1 que trina.<\/strong><\/em>\u2019<\/p>\n<p>&nbsp;<\/p>\n","protected":false},"excerpt":{"rendered":"<p>Tengo los nervios destrozados.<\/p>\n<p>Aprieta fuerte su m\u00f3vil y su mano est\u00e1 temblando. Me pregunto lo que significa el m\u00f3vil para ella. Lo saca, muestra las fotos, los v\u00eddeos, comparte escenas de su vida diaria a trav\u00e9s de \u00e9l. Este m\u00f3vil es como un testigo que graba, en parte, la causa de su malestar.<\/p>\n","protected":false},"author":1,"featured_media":0,"comment_status":"closed","ping_status":"closed","sticky":false,"template":"","format":"minientrada","meta":{"_acf_changed":false,"footnotes":""},"categories":[61],"tags":[],"class_list":["post-1170","post","type-post","status-publish","format-minientrada","hentry","category-entrada-de-diari","post_format-minientrada"],"acf":[],"_links":{"self":[{"href":"https:\/\/amicsdelcarme.com\/es\/wp-json\/wp\/v2\/posts\/1170","targetHints":{"allow":["GET"]}}],"collection":[{"href":"https:\/\/amicsdelcarme.com\/es\/wp-json\/wp\/v2\/posts"}],"about":[{"href":"https:\/\/amicsdelcarme.com\/es\/wp-json\/wp\/v2\/types\/post"}],"author":[{"embeddable":true,"href":"https:\/\/amicsdelcarme.com\/es\/wp-json\/wp\/v2\/users\/1"}],"replies":[{"embeddable":true,"href":"https:\/\/amicsdelcarme.com\/es\/wp-json\/wp\/v2\/comments?post=1170"}],"version-history":[{"count":5,"href":"https:\/\/amicsdelcarme.com\/es\/wp-json\/wp\/v2\/posts\/1170\/revisions"}],"predecessor-version":[{"id":1637,"href":"https:\/\/amicsdelcarme.com\/es\/wp-json\/wp\/v2\/posts\/1170\/revisions\/1637"}],"wp:attachment":[{"href":"https:\/\/amicsdelcarme.com\/es\/wp-json\/wp\/v2\/media?parent=1170"}],"wp:term":[{"taxonomy":"category","embeddable":true,"href":"https:\/\/amicsdelcarme.com\/es\/wp-json\/wp\/v2\/categories?post=1170"},{"taxonomy":"post_tag","embeddable":true,"href":"https:\/\/amicsdelcarme.com\/es\/wp-json\/wp\/v2\/tags?post=1170"}],"curies":[{"name":"wp","href":"https:\/\/api.w.org\/{rel}","templated":true}]}}