{"id":1082,"date":"2018-04-20T08:00:50","date_gmt":"2018-04-20T08:00:50","guid":{"rendered":"http:\/\/amicsdelcarme.com\/?p=1082"},"modified":"2018-12-11T16:10:13","modified_gmt":"2018-12-11T16:10:13","slug":"amics-del-carme-demana-a-lajuntament-un-pla-de-reactivacio-de-solars-publics-i-privats","status":"publish","type":"post","link":"https:\/\/amicsdelcarme.com\/es\/amics-del-carme-demana-a-lajuntament-un-pla-de-reactivacio-de-solars-publics-i-privats\/","title":{"rendered":"Prou de solars i cases en runes"},"content":{"rendered":"<h1><strong>Amics del Carme demana a l&#8217;Ajuntament un pla de reactivaci\u00f3 de solars p\u00fablics i privats<\/strong><\/h1>\n<p><img loading=\"lazy\" decoding=\"async\" class=\"alignright wp-image-1083 size-large\" src=\"http:\/\/amicsdelcarme.com\/wp-content\/uploads\/2018\/04\/Bastida_2-740x400.jpg\" alt=\"\" width=\"740\" height=\"400\">El Carmen s&#8217;aixeca cada mat\u00ed amb una nova casa embolicada en xarxes o bastides i no perqu\u00e8 hagi entrat una febre rehabilitadora en barri, sin\u00f3 tot el contrari.<\/p>\n<p>L&#8217;administraci\u00f3 \u00e9s una de les principals propiet\u00e0ries de s\u00f2l, i un succint inventari ens d\u00f3na un bon grapat de solars i cases en ru\u00efnes. La de la foto \u00e9s un bon exemple, ja que \u00e9s propietat de la Generalitat.<\/p>\n<p>Amics del Carme hem iniciat una campanya per denunciar la situaci\u00f3 d&#8217;aband\u00f3 que patim.<\/p>\n<p>Anem a col\u00b7locar pancartes en els \u00abbuits\u00bb mes descarats del barri, volem que es faci visible que no ens conformem amb aquest paisatge.<\/p>\n<p>Volem un pla de reactivaci\u00f3 de solars i cases en ru\u00efnes. Hi ha tant per fer que n&#8217;hi hauria prou agafar 4 o 5 casos per comen\u00e7ar a recuperar ve\u00efns i comer\u00e7.<\/p>\n","protected":false},"excerpt":{"rendered":"<p>Amics del Carme demana a l&#8217;Ajuntament un pla de reactivaci\u00f3 de solars p\u00fablics i privats El Carmen s&#8217;aixeca cada mat\u00ed amb una nova casa embolicada en xarxes o bastides i no perqu\u00e8 hagi entrat una febre rehabilitadora en barri, sin\u00f3 tot el contrari. L&#8217;administraci\u00f3 \u00e9s una de les principals propiet\u00e0ries [&#8230;]<\/p>\n","protected":false},"author":1,"featured_media":1084,"comment_status":"closed","ping_status":"open","sticky":false,"template":"","format":"standard","meta":{"_acf_changed":false,"footnotes":""},"categories":[38],"tags":[],"class_list":["post-1082","post","type-post","status-publish","format-standard","has-post-thumbnail","hentry","category-urbanisme"],"acf":[],"_links":{"self":[{"href":"https:\/\/amicsdelcarme.com\/es\/wp-json\/wp\/v2\/posts\/1082","targetHints":{"allow":["GET"]}}],"collection":[{"href":"https:\/\/amicsdelcarme.com\/es\/wp-json\/wp\/v2\/posts"}],"about":[{"href":"https:\/\/amicsdelcarme.com\/es\/wp-json\/wp\/v2\/types\/post"}],"author":[{"embeddable":true,"href":"https:\/\/amicsdelcarme.com\/es\/wp-json\/wp\/v2\/users\/1"}],"replies":[{"embeddable":true,"href":"https:\/\/amicsdelcarme.com\/es\/wp-json\/wp\/v2\/comments?post=1082"}],"version-history":[{"count":5,"href":"https:\/\/amicsdelcarme.com\/es\/wp-json\/wp\/v2\/posts\/1082\/revisions"}],"predecessor-version":[{"id":2121,"href":"https:\/\/amicsdelcarme.com\/es\/wp-json\/wp\/v2\/posts\/1082\/revisions\/2121"}],"wp:featuredmedia":[{"embeddable":true,"href":"https:\/\/amicsdelcarme.com\/es\/wp-json\/wp\/v2\/media\/1084"}],"wp:attachment":[{"href":"https:\/\/amicsdelcarme.com\/es\/wp-json\/wp\/v2\/media?parent=1082"}],"wp:term":[{"taxonomy":"category","embeddable":true,"href":"https:\/\/amicsdelcarme.com\/es\/wp-json\/wp\/v2\/categories?post=1082"},{"taxonomy":"post_tag","embeddable":true,"href":"https:\/\/amicsdelcarme.com\/es\/wp-json\/wp\/v2\/tags?post=1082"}],"curies":[{"name":"wp","href":"https:\/\/api.w.org\/{rel}","templated":true}]}}